{"id":91981,"date":"2018-02-16T21:48:57","date_gmt":"2018-02-16T23:48:57","guid":{"rendered":"http:\/\/diarioregionaljf.com.br\/2018\/02\/16\/jogos-olimpicos-de-inverno-nao-atrai-torcida-para-eventos\/"},"modified":"2018-02-16T21:48:57","modified_gmt":"2018-02-16T23:48:57","slug":"jogos-olimpicos-de-inverno-nao-atrai-torcida-para-eventos","status":"publish","type":"post","link":"https:\/\/diarioregionaldigital.com.br\/?p=91981","title":{"rendered":"Jogos Ol\u00edmpicos de Inverno n\u00e3o atrai torcida para eventos"},"content":{"rendered":"<p>Os Jogos Ol\u00edmpicos de Inverno de PyeongChang-2018 podem ser considerados um sucesso, certo? Exceto se voc\u00ea pensar nas arquibancadas. Segundo mat\u00e9ria publicada pelo jornal Folha de S\u00e3o Paulo, o Comit\u00ea Organizador da Olimp\u00edada vem sofrendo para colocar p\u00fablico para assistir aos eventos.<\/p>\n<p>Tanto nos eventos ao ar livre como nos gin\u00e1sios da competi\u00e7\u00e3o em solo coreano, os assentos vazios tem se mostrado presentes. Um fato que vem incomodando torcedores que viajaram para assistir aos Jogos como para os atletas que est\u00e3o na competi\u00e7\u00e3o.<\/p>\n<p>\u201cSe essa prova estivesse sendo realizada na It\u00e1lia, \u00c1ustria, Noruega ou Su\u00e9cia, haveria 50 mil pessoas assistindo. Gostaria de ter conquistado a medalha com uma atmosfera mais festiva. \u00c9 muito triste\u201d, disse o noruegu\u00eas Aksel Lund Svindal, medalha de outro da prova do esqui downhill masculino.<\/p>\n<p>\u201cNunca mais compraremos ingressos por anteced\u00eancia. \u00c9 triste, est\u00e1 tudo meio vazio\u201d, afirmou o australiano Peter Skinner, que foi a PyeongChang para assistir eventos dos Jogos Olimpicos e tamb\u00e9m encontrou muitos lugares vazios nas arenas que visitou.<\/p>\n<p>Diversos motivos tem sido apontados para tal fracasso de p\u00fablico. A distribui\u00e7\u00e3o de ingressos reservados a patrocinadores e atletas \u00e9 apontada como um dos motivos pela falta de torcida, assim como a tens\u00e3o gerada na regi\u00e3o por Coreia do Norte e Estados Unidos e problemas com bilhetes e o transporte para os locais dos eventos.<\/p>\n<p>O Comit\u00ea Organizador vem dando entrevistas di\u00e1rias e j\u00e1 afirmou que est\u00e3o perto de completar 90% da venda da carga total de ingressos para os Jogos de Inverno. Mas, para conter o vazio das arenas, os sul-coreanos tem procurado ceder ingressos para estudantes locais e volunt\u00e1rios dos Jogos.<\/p>\n<p>\u201cEsperamos que tudo isso ajude a melhorar a atmosfera dos locais de competi\u00e7\u00e3o para que os atletas possam ter seu melhor desempenho\u201d, afirmou um porta-voz do Comit\u00ea Organizador dos Jogos. n\u00e3o identificado.<\/p>\n<p><strong>Fonte: Ag\u00eancia do Estado<\/strong><\/p>\n","protected":false},"excerpt":{"rendered":"<p>Os Jogos Ol\u00edmpicos de Inverno de PyeongChang-2018 podem ser considerados um sucesso, certo? Exceto se voc\u00ea pensar nas arquibancadas. Segundo mat\u00e9ria publicada pelo jornal Folha de S\u00e3o Paulo, o Comit\u00ea Organizador da Olimp\u00edada vem sofrendo para colocar p\u00fablico para assistir aos eventos. Tanto nos eventos ao ar livre como nos gin\u00e1sios da competi\u00e7\u00e3o em solo [&hellip;]<\/p>\n","protected":false},"author":96,"featured_media":91980,"comment_status":"closed","ping_status":"closed","sticky":false,"template":"","format":"standard","meta":{"footnotes":""},"categories":[257],"tags":[],"class_list":["post-91981","post","type-post","status-publish","format-standard","has-post-thumbnail","hentry","category-esporte"],"_links":{"self":[{"href":"https:\/\/diarioregionaldigital.com.br\/index.php?rest_route=\/wp\/v2\/posts\/91981","targetHints":{"allow":["GET"]}}],"collection":[{"href":"https:\/\/diarioregionaldigital.com.br\/index.php?rest_route=\/wp\/v2\/posts"}],"about":[{"href":"https:\/\/diarioregionaldigital.com.br\/index.php?rest_route=\/wp\/v2\/types\/post"}],"author":[{"embeddable":true,"href":"https:\/\/diarioregionaldigital.com.br\/index.php?rest_route=\/wp\/v2\/users\/96"}],"replies":[{"embeddable":true,"href":"https:\/\/diarioregionaldigital.com.br\/index.php?rest_route=%2Fwp%2Fv2%2Fcomments&post=91981"}],"version-history":[{"count":0,"href":"https:\/\/diarioregionaldigital.com.br\/index.php?rest_route=\/wp\/v2\/posts\/91981\/revisions"}],"wp:featuredmedia":[{"embeddable":true,"href":"https:\/\/diarioregionaldigital.com.br\/index.php?rest_route=\/wp\/v2\/media\/91980"}],"wp:attachment":[{"href":"https:\/\/diarioregionaldigital.com.br\/index.php?rest_route=%2Fwp%2Fv2%2Fmedia&parent=91981"}],"wp:term":[{"taxonomy":"category","embeddable":true,"href":"https:\/\/diarioregionaldigital.com.br\/index.php?rest_route=%2Fwp%2Fv2%2Fcategories&post=91981"},{"taxonomy":"post_tag","embeddable":true,"href":"https:\/\/diarioregionaldigital.com.br\/index.php?rest_route=%2Fwp%2Fv2%2Ftags&post=91981"}],"curies":[{"name":"wp","href":"https:\/\/api.w.org\/{rel}","templated":true}]}}