{"id":91979,"date":"2018-02-16T21:46:17","date_gmt":"2018-02-16T23:46:17","guid":{"rendered":"http:\/\/diarioregionaljf.com.br\/2018\/02\/16\/tecnico-vadao-convoca-selecao-feminina-visando-a-copa-america\/"},"modified":"2018-02-16T21:46:17","modified_gmt":"2018-02-16T23:46:17","slug":"tecnico-vadao-convoca-selecao-feminina-visando-a-copa-america","status":"publish","type":"post","link":"https:\/\/diarioregionaldigital.com.br\/?p=91979","title":{"rendered":"T\u00e9cnico Vad\u00e3o convoca Sele\u00e7\u00e3o feminina visando a Copa Am\u00e9rica"},"content":{"rendered":"<p>O t\u00e9cnico da Sele\u00e7\u00e3o Brasileira Feminina, Vad\u00e3o, relacionou 23 jogadoras para a&nbsp;segunda etapa de treinamentos visando \u00e0 prepara\u00e7\u00e3o para a Copa Am\u00e9rica, que ser\u00e1 disputada de 4 a 22 de abril deste ano, no Chile.<\/p>\n<p>A delega\u00e7\u00e3o brasileira se apresenta nesta sexta-feira, 16, na Granja Comary, em Teres\u00f3polis (RJ).&nbsp;<\/p>\n<p><strong>Confira a lista:<\/strong><\/p>\n<p><strong>Goleiras<\/strong><\/p>\n<p>B\u00e1rbara &#8211; Kindermann<\/p>\n<p>Aline &#8211; CBF<\/p>\n<p>Let\u00edcia &#8211; Corinthians<\/p>\n<p>Tain\u00e1 &#8211; Corinthians<\/p>\n<p><strong>Laterais<\/strong><\/p>\n<p>Daiane Rodrigues (direita) &#8211;&nbsp;CBF<\/p>\n<p>Poliana (direita) &#8211; Orlando Pride (EUA)<\/p>\n<p>Rayane (direita) &#8211; Flamengo<\/p>\n<p>Bruna Calderan &#8211; Kindermann<\/p>\n<p>Rilany (esquerda) &#8211; CBF<\/p>\n<p><strong>Zagueiras<\/strong><\/p>\n<p>Bruna Benites &#8211; CBF<\/p>\n<p>Antonia &#8211; Audax<\/p>\n<p><strong>Meias<\/strong><\/p>\n<p>Gabi Zanotti &#8211; Corinthians<\/p>\n<p>Andressa &#8211; Portland (EUA)<\/p>\n<p>Juliana &#8211; Flamengo<\/p>\n<p>Rafaela &#8211; Kindermann<\/p>\n<p>Djenifer &#8211; Iranduba<\/p>\n<p>Diany &#8211; CBF<\/p>\n<p><strong>Atacantes<\/strong><\/p>\n<p>Raquel &#8211; Ferrovi\u00e1ria<\/p>\n<p>Adriana &#8211; Corinthians<\/p>\n<p>Millene &#8211; Corinthians<\/p>\n<p>Aline Milene &#8211; Baylor University (EUA)<\/p>\n<p>Larissa &#8211; Flamengo<\/p>\n<p>Amanda Bruner \u2013 Iranduba<\/p>\n","protected":false},"excerpt":{"rendered":"<p>O t\u00e9cnico da Sele\u00e7\u00e3o Brasileira Feminina, Vad\u00e3o, relacionou 23 jogadoras para a&nbsp;segunda etapa de treinamentos visando \u00e0 prepara\u00e7\u00e3o para a Copa Am\u00e9rica, que ser\u00e1 disputada de 4 a 22 de abril deste ano, no Chile. A delega\u00e7\u00e3o brasileira se apresenta nesta sexta-feira, 16, na Granja Comary, em Teres\u00f3polis (RJ).&nbsp; Confira a lista: Goleiras B\u00e1rbara &#8211; [&hellip;]<\/p>\n","protected":false},"author":96,"featured_media":91978,"comment_status":"closed","ping_status":"closed","sticky":false,"template":"","format":"standard","meta":{"footnotes":""},"categories":[257],"tags":[],"class_list":["post-91979","post","type-post","status-publish","format-standard","has-post-thumbnail","hentry","category-esporte"],"_links":{"self":[{"href":"https:\/\/diarioregionaldigital.com.br\/index.php?rest_route=\/wp\/v2\/posts\/91979","targetHints":{"allow":["GET"]}}],"collection":[{"href":"https:\/\/diarioregionaldigital.com.br\/index.php?rest_route=\/wp\/v2\/posts"}],"about":[{"href":"https:\/\/diarioregionaldigital.com.br\/index.php?rest_route=\/wp\/v2\/types\/post"}],"author":[{"embeddable":true,"href":"https:\/\/diarioregionaldigital.com.br\/index.php?rest_route=\/wp\/v2\/users\/96"}],"replies":[{"embeddable":true,"href":"https:\/\/diarioregionaldigital.com.br\/index.php?rest_route=%2Fwp%2Fv2%2Fcomments&post=91979"}],"version-history":[{"count":0,"href":"https:\/\/diarioregionaldigital.com.br\/index.php?rest_route=\/wp\/v2\/posts\/91979\/revisions"}],"wp:featuredmedia":[{"embeddable":true,"href":"https:\/\/diarioregionaldigital.com.br\/index.php?rest_route=\/wp\/v2\/media\/91978"}],"wp:attachment":[{"href":"https:\/\/diarioregionaldigital.com.br\/index.php?rest_route=%2Fwp%2Fv2%2Fmedia&parent=91979"}],"wp:term":[{"taxonomy":"category","embeddable":true,"href":"https:\/\/diarioregionaldigital.com.br\/index.php?rest_route=%2Fwp%2Fv2%2Fcategories&post=91979"},{"taxonomy":"post_tag","embeddable":true,"href":"https:\/\/diarioregionaldigital.com.br\/index.php?rest_route=%2Fwp%2Fv2%2Ftags&post=91979"}],"curies":[{"name":"wp","href":"https:\/\/api.w.org\/{rel}","templated":true}]}}