{"id":91977,"date":"2018-02-16T21:42:41","date_gmt":"2018-02-16T23:42:41","guid":{"rendered":"http:\/\/diarioregionaljf.com.br\/2018\/02\/16\/tupynambas-estreia-no-modulo-2-do-campeonato-mineiro-este-fim-de-semana\/"},"modified":"2018-02-16T21:42:41","modified_gmt":"2018-02-16T23:42:41","slug":"tupynambas-estreia-no-modulo-2-do-campeonato-mineiro-este-fim-de-semana","status":"publish","type":"post","link":"https:\/\/diarioregionaldigital.com.br\/?p=91977","title":{"rendered":"Tupynamb\u00e1s estreia no M\u00f3dulo 2 do Campeonato Mineiro neste s\u00e1bado"},"content":{"rendered":"<p>Social e Tupynamb\u00e1s estreiam com port\u00f5es fechados. Ap\u00f3s perder o prazo para apresenta\u00e7\u00e3o dos laudos liberat\u00f3rios do Louis Ensch, a diretoria do Saci j\u00e1 conseguiu regularizar a situa\u00e7\u00e3o da sua pra\u00e7a, mas deve aguardar a 4\u00aa rodada para ter o apoio da torcida com casa cheia.<\/p>\n<p>Com o problema da elei\u00e7\u00e3o do clube no final de 2017, o clube s\u00f3 conseguiu regularizar os primeiros atletas na quinta, 15, dois dias antes da estreia no M\u00f3dulo 2 do Campeonato Mineiro, marcada para as 16h deste s\u00e1bado, 17, no Est\u00e1dio Louis Ensch, o popular Luiz\u00e3o, em Coronel Fabriciano (MG).<\/p>\n<p>A lista do elenco, ainda n\u00e3o divulgada pelo clube por precau\u00e7\u00e3o e menor visibilidade dos advers\u00e1rios, deve ser conhecida nos pr\u00f3ximos dias. Entre os primeiros alvirrubros confirmados na CBF est\u00e3o os goleiros Glaysson, 38 anos, e Jo\u00e3o Paulo, 21, j\u00e1 conhecidos pelos juiz-foranos, al\u00e9m do meia Brayan Silva Sobral, 27, ex-Goian\u00e9sia (GO), e do atacante Richard Tank, 21, ex-Villa Nova (MG). A expectativa gira, ainda, em torno da presen\u00e7a de Ademilson novamente em campo pelo Le\u00e3o do Po\u00e7o Rico.&nbsp;<\/p>\n","protected":false},"excerpt":{"rendered":"<p>Social e Tupynamb\u00e1s estreiam com port\u00f5es fechados. Ap\u00f3s perder o prazo para apresenta\u00e7\u00e3o dos laudos liberat\u00f3rios do Louis Ensch, a diretoria do Saci j\u00e1 conseguiu regularizar a situa\u00e7\u00e3o da sua pra\u00e7a, mas deve aguardar a 4\u00aa rodada para ter o apoio da torcida com casa cheia. Com o problema da elei\u00e7\u00e3o do clube no final [&hellip;]<\/p>\n","protected":false},"author":96,"featured_media":91976,"comment_status":"closed","ping_status":"closed","sticky":false,"template":"","format":"standard","meta":{"footnotes":""},"categories":[257],"tags":[],"class_list":["post-91977","post","type-post","status-publish","format-standard","has-post-thumbnail","hentry","category-esporte"],"_links":{"self":[{"href":"https:\/\/diarioregionaldigital.com.br\/index.php?rest_route=\/wp\/v2\/posts\/91977","targetHints":{"allow":["GET"]}}],"collection":[{"href":"https:\/\/diarioregionaldigital.com.br\/index.php?rest_route=\/wp\/v2\/posts"}],"about":[{"href":"https:\/\/diarioregionaldigital.com.br\/index.php?rest_route=\/wp\/v2\/types\/post"}],"author":[{"embeddable":true,"href":"https:\/\/diarioregionaldigital.com.br\/index.php?rest_route=\/wp\/v2\/users\/96"}],"replies":[{"embeddable":true,"href":"https:\/\/diarioregionaldigital.com.br\/index.php?rest_route=%2Fwp%2Fv2%2Fcomments&post=91977"}],"version-history":[{"count":0,"href":"https:\/\/diarioregionaldigital.com.br\/index.php?rest_route=\/wp\/v2\/posts\/91977\/revisions"}],"wp:featuredmedia":[{"embeddable":true,"href":"https:\/\/diarioregionaldigital.com.br\/index.php?rest_route=\/wp\/v2\/media\/91976"}],"wp:attachment":[{"href":"https:\/\/diarioregionaldigital.com.br\/index.php?rest_route=%2Fwp%2Fv2%2Fmedia&parent=91977"}],"wp:term":[{"taxonomy":"category","embeddable":true,"href":"https:\/\/diarioregionaldigital.com.br\/index.php?rest_route=%2Fwp%2Fv2%2Fcategories&post=91977"},{"taxonomy":"post_tag","embeddable":true,"href":"https:\/\/diarioregionaldigital.com.br\/index.php?rest_route=%2Fwp%2Fv2%2Ftags&post=91977"}],"curies":[{"name":"wp","href":"https:\/\/api.w.org\/{rel}","templated":true}]}}