{"id":91975,"date":"2018-02-16T21:38:32","date_gmt":"2018-02-16T23:38:32","guid":{"rendered":"http:\/\/diarioregionaljf.com.br\/2018\/02\/16\/depois-de-dois-meses-no-taubate-marcel-volta-ao-tupi\/"},"modified":"2018-02-16T21:38:32","modified_gmt":"2018-02-16T23:38:32","slug":"depois-de-dois-meses-no-taubate-marcel-volta-ao-tupi","status":"publish","type":"post","link":"https:\/\/diarioregionaldigital.com.br\/?p=91975","title":{"rendered":"Depois de dois meses no Taubat\u00e9, Marcel volta ao Tupi"},"content":{"rendered":"<p>Tupi ganhou um importante refor\u00e7o na semana do carnaval para a sequ\u00eancia do Campeonato Mineiro. O volante Marcel, que come\u00e7ou a pr\u00e9-temporada no Galo Carij\u00f3 antes de se&nbsp;de se transferir para o Taubat\u00e9 deixou a equipe paulista e acertou o retorno a Juiz de Fora, cidade natal.<\/p>\n<p>A vontade de ficar perto da fam\u00edlia pesou, e o convite dos profissionais do Tupi foi determinante para o retorno do volante a Juiz de Fora.<\/p>\n<p>Aos 30 anos, o jogador chega para sua sexta passagem pelo time de Santa Terezinha e ainda aguarda regulariza\u00e7\u00e3o. Em 2018, o atleta j\u00e1 fez cinco partidas oficiais.<\/p>\n<p>Marcel aguarda a regulariza\u00e7\u00e3o para fazer sua reestreia pelo Tupi. O Galo Carij\u00f3 entra em campo pela s\u00e9tima rodada do Campeonato Mineiro no domingo, \u00e0s 16h, contra a URT, em Patos de Minas.<\/p>\n","protected":false},"excerpt":{"rendered":"<p>Tupi ganhou um importante refor\u00e7o na semana do carnaval para a sequ\u00eancia do Campeonato Mineiro. O volante Marcel, que come\u00e7ou a pr\u00e9-temporada no Galo Carij\u00f3 antes de se&nbsp;de se transferir para o Taubat\u00e9 deixou a equipe paulista e acertou o retorno a Juiz de Fora, cidade natal. A vontade de ficar perto da fam\u00edlia pesou, [&hellip;]<\/p>\n","protected":false},"author":96,"featured_media":91974,"comment_status":"closed","ping_status":"closed","sticky":false,"template":"","format":"standard","meta":{"footnotes":""},"categories":[257],"tags":[],"class_list":["post-91975","post","type-post","status-publish","format-standard","has-post-thumbnail","hentry","category-esporte"],"_links":{"self":[{"href":"https:\/\/diarioregionaldigital.com.br\/index.php?rest_route=\/wp\/v2\/posts\/91975","targetHints":{"allow":["GET"]}}],"collection":[{"href":"https:\/\/diarioregionaldigital.com.br\/index.php?rest_route=\/wp\/v2\/posts"}],"about":[{"href":"https:\/\/diarioregionaldigital.com.br\/index.php?rest_route=\/wp\/v2\/types\/post"}],"author":[{"embeddable":true,"href":"https:\/\/diarioregionaldigital.com.br\/index.php?rest_route=\/wp\/v2\/users\/96"}],"replies":[{"embeddable":true,"href":"https:\/\/diarioregionaldigital.com.br\/index.php?rest_route=%2Fwp%2Fv2%2Fcomments&post=91975"}],"version-history":[{"count":0,"href":"https:\/\/diarioregionaldigital.com.br\/index.php?rest_route=\/wp\/v2\/posts\/91975\/revisions"}],"wp:featuredmedia":[{"embeddable":true,"href":"https:\/\/diarioregionaldigital.com.br\/index.php?rest_route=\/wp\/v2\/media\/91974"}],"wp:attachment":[{"href":"https:\/\/diarioregionaldigital.com.br\/index.php?rest_route=%2Fwp%2Fv2%2Fmedia&parent=91975"}],"wp:term":[{"taxonomy":"category","embeddable":true,"href":"https:\/\/diarioregionaldigital.com.br\/index.php?rest_route=%2Fwp%2Fv2%2Fcategories&post=91975"},{"taxonomy":"post_tag","embeddable":true,"href":"https:\/\/diarioregionaldigital.com.br\/index.php?rest_route=%2Fwp%2Fv2%2Ftags&post=91975"}],"curies":[{"name":"wp","href":"https:\/\/api.w.org\/{rel}","templated":true}]}}