{"id":91972,"date":"2018-02-16T21:33:55","date_gmt":"2018-02-16T23:33:55","guid":{"rendered":"http:\/\/diarioregionaljf.com.br\/2018\/02\/16\/esporte-e-lazer-recepciona-professores-e-estabelece-objetivos-para-2018\/"},"modified":"2018-02-16T21:33:55","modified_gmt":"2018-02-16T23:33:55","slug":"esporte-e-lazer-recepciona-professores-e-estabelece-objetivos-para-2018","status":"publish","type":"post","link":"https:\/\/diarioregionaldigital.com.br\/?p=91972","title":{"rendered":"Esporte e Lazer recepciona professores e estabelece objetivos para 2018"},"content":{"rendered":"<p>Visando repetir, ou at\u00e9 mesmo superar, o sucesso de 2017, a Secretaria de Esporte e Lazer (SEL) da Prefeitura de Juiz de Fora (PJF) realizou na quinta-feira, 15, recep\u00e7\u00e3o aos professores contratados e reuni\u00e3o para estabelecer as metas de 2018. Gerentes de departamentos e supervisores estiveram presentes, discutindo com a equipe do Gabinete as diretrizes e os objetivos da pasta.<\/p>\n<p> Durante o encontro foi avaliado o bom desempenho dos profissionais no ano passado, tendo em vista o grande atendimento da secretaria nos seus programas, projetos e eventos. O secret\u00e1rio Julio Gasparette, acompanhado do subsecret\u00e1rio, Tiago Barbosa, fez pondera\u00e7\u00f5es e apontou as principais iniciativas que devem ser tomadas para a continua\u00e7\u00e3o do trabalho.<\/p>\n<p> Um dos temas discutidos foi a organiza\u00e7\u00e3o diferenciada das reuni\u00f5es pedag\u00f3gicas, para melhor atender os interesses dos professores e da secretaria. Um objetivo da gest\u00e3o atual, compartilhado com os professores, \u00e9 o de iniciar o processo para cria\u00e7\u00e3o do \u201cPlano Municipal de Esporte e Lazer\u201d, que pode beneficiar a cidade em v\u00e1rios quesitos.<\/p>\n<p> Os participantes da reuni\u00e3o se posicionarem sobre os temas apresentados, e ao final ficou o compromisso de amplia\u00e7\u00e3o do di\u00e1logo da pasta com seus profissionais, objetivando sempre a melhoria do atendimento em suas atividades.<\/p>\n<p><strong>&nbsp;<\/strong><\/p>\n","protected":false},"excerpt":{"rendered":"<p>Visando repetir, ou at\u00e9 mesmo superar, o sucesso de 2017, a Secretaria de Esporte e Lazer (SEL) da Prefeitura de Juiz de Fora (PJF) realizou na quinta-feira, 15, recep\u00e7\u00e3o aos professores contratados e reuni\u00e3o para estabelecer as metas de 2018. Gerentes de departamentos e supervisores estiveram presentes, discutindo com a equipe do Gabinete as diretrizes [&hellip;]<\/p>\n","protected":false},"author":96,"featured_media":91971,"comment_status":"closed","ping_status":"closed","sticky":false,"template":"","format":"standard","meta":{"footnotes":""},"categories":[257],"tags":[],"class_list":["post-91972","post","type-post","status-publish","format-standard","has-post-thumbnail","hentry","category-esporte"],"_links":{"self":[{"href":"https:\/\/diarioregionaldigital.com.br\/index.php?rest_route=\/wp\/v2\/posts\/91972","targetHints":{"allow":["GET"]}}],"collection":[{"href":"https:\/\/diarioregionaldigital.com.br\/index.php?rest_route=\/wp\/v2\/posts"}],"about":[{"href":"https:\/\/diarioregionaldigital.com.br\/index.php?rest_route=\/wp\/v2\/types\/post"}],"author":[{"embeddable":true,"href":"https:\/\/diarioregionaldigital.com.br\/index.php?rest_route=\/wp\/v2\/users\/96"}],"replies":[{"embeddable":true,"href":"https:\/\/diarioregionaldigital.com.br\/index.php?rest_route=%2Fwp%2Fv2%2Fcomments&post=91972"}],"version-history":[{"count":0,"href":"https:\/\/diarioregionaldigital.com.br\/index.php?rest_route=\/wp\/v2\/posts\/91972\/revisions"}],"wp:featuredmedia":[{"embeddable":true,"href":"https:\/\/diarioregionaldigital.com.br\/index.php?rest_route=\/wp\/v2\/media\/91971"}],"wp:attachment":[{"href":"https:\/\/diarioregionaldigital.com.br\/index.php?rest_route=%2Fwp%2Fv2%2Fmedia&parent=91972"}],"wp:term":[{"taxonomy":"category","embeddable":true,"href":"https:\/\/diarioregionaldigital.com.br\/index.php?rest_route=%2Fwp%2Fv2%2Fcategories&post=91972"},{"taxonomy":"post_tag","embeddable":true,"href":"https:\/\/diarioregionaldigital.com.br\/index.php?rest_route=%2Fwp%2Fv2%2Ftags&post=91972"}],"curies":[{"name":"wp","href":"https:\/\/api.w.org\/{rel}","templated":true}]}}