{"id":91967,"date":"2018-02-16T18:51:15","date_gmt":"2018-02-16T20:51:15","guid":{"rendered":"http:\/\/diarioregionaljf.com.br\/2018\/02\/16\/brasil-podera-ter-uma-policia-nacional-de-fronteiras\/"},"modified":"2018-02-16T18:51:15","modified_gmt":"2018-02-16T20:51:15","slug":"brasil-podera-ter-uma-policia-nacional-de-fronteiras","status":"publish","type":"post","link":"https:\/\/diarioregionaldigital.com.br\/?p=91967","title":{"rendered":"Brasil poder\u00e1 ter uma Pol\u00edcia Nacional de Fronteiras"},"content":{"rendered":"<p>Uma Proposta de Emenda \u00e0 Constitui\u00e7\u00e3o (PEC) apresentada no in\u00edcio de fevereiro cria a Pol\u00edcia Nacional de Fronteiras. A PEC 3\/2018 inclui a nova corpora\u00e7\u00e3o no cap\u00edtulo sobre a Seguran\u00e7a P\u00fablica, ao lado das pol\u00edcias federal, rodovi\u00e1ria, ferrovi\u00e1ria, civil, militar e de corpos de bombeiros.<\/p>\n<p>Al\u00e9m de criar a Pol\u00edcia de Fronteiras, a PEC, do senador Wilder Morais (PP-GO), tira da Pol\u00edcia Federal a atribui\u00e7\u00e3o constitucional de \u201cexercer as fun\u00e7\u00f5es de pol\u00edcia mar\u00edtima, aeroportu\u00e1ria e de fronteiras\u201d. Ao mesmo tempo, atribui \u00e0 nova for\u00e7a policial o exerc\u00edcio dessas fun\u00e7\u00f5es e determina que a Pol\u00edcia de Fronteiras trabalhe em colabora\u00e7\u00e3o com todas as outras pol\u00edcias j\u00e1 existentes e com \u201ca administra\u00e7\u00e3o fazend\u00e1ria e as For\u00e7as Armadas\u201d.<\/p>\n<p>Wilder Morais afirma na justifica\u00e7\u00e3o de sua PEC que os crimes transfronteiri\u00e7os est\u00e3o \u201cna raiz do caos que assola a seguran\u00e7a p\u00fablica brasileira e demandam uma resposta forte\u201d. Ele comenta que o Brasil tem mais de 16 mil quil\u00f4metros de fronteiras terrestres e outros 7 mil de costa mar\u00edtima, extens\u00e3o penosa de vigiar para impedir a entrada de drogas e armas.<br \/>O senador tamb\u00e9m afirma que o Brasil tem fronteiras com tr\u00eas dos maiores produtores de coca\u00edna do mundo &#8211; Col\u00f4mbia, Peru e Bol\u00edvia. Destaca ainda que a fronteira com o Paraguai \u00e9 historicamente usada para contrabando de todo tipo.<\/p>\n<p>\u201cEntendemos que essa for\u00e7a policial especializada, recrutada entre cidad\u00e3os com voca\u00e7\u00e3o para viver e atuar na regi\u00e3o de fronteiras, com treinamento espec\u00edfico e estruturada em carreira \u00fanica, representar\u00e1 uma medida de fundamental import\u00e2ncia para vencermos a guerra contra o tr\u00e1fico de drogas e armas, al\u00e9m de contribuir para a preserva\u00e7\u00e3o da soberania do territ\u00f3rio brasileiro e das nossas riquezas naturais\u201d, justifica Morais.<\/p>\n<p>O parlamentar antev\u00ea que a cria\u00e7\u00e3o da nova for\u00e7a dever\u00e1 ser feita de maneira gradual, planejada e progressiva, para que o Poder Executivo possa estruturar os recursos or\u00e7ament\u00e1rios necess\u00e1rios.<\/p>\n<p>A PEC 3\/2018 aguarda designa\u00e7\u00e3o de relator na Comiss\u00e3o de Constitui\u00e7\u00e3o, Justi\u00e7a e Cidadania (CCJ).<\/p>\n<p>Fonte: Ag\u00eancia Senado<\/p>\n","protected":false},"excerpt":{"rendered":"<p>Uma Proposta de Emenda \u00e0 Constitui\u00e7\u00e3o (PEC) apresentada no in\u00edcio de fevereiro cria a Pol\u00edcia Nacional de Fronteiras. A PEC 3\/2018 inclui a nova corpora\u00e7\u00e3o no cap\u00edtulo sobre a Seguran\u00e7a P\u00fablica, ao lado das pol\u00edcias federal, rodovi\u00e1ria, ferrovi\u00e1ria, civil, militar e de corpos de bombeiros. Al\u00e9m de criar a Pol\u00edcia de Fronteiras, a PEC, do [&hellip;]<\/p>\n","protected":false},"author":96,"featured_media":91966,"comment_status":"closed","ping_status":"closed","sticky":false,"template":"","format":"standard","meta":{"footnotes":""},"categories":[254],"tags":[],"class_list":["post-91967","post","type-post","status-publish","format-standard","has-post-thumbnail","hentry","category-politica"],"_links":{"self":[{"href":"https:\/\/diarioregionaldigital.com.br\/index.php?rest_route=\/wp\/v2\/posts\/91967","targetHints":{"allow":["GET"]}}],"collection":[{"href":"https:\/\/diarioregionaldigital.com.br\/index.php?rest_route=\/wp\/v2\/posts"}],"about":[{"href":"https:\/\/diarioregionaldigital.com.br\/index.php?rest_route=\/wp\/v2\/types\/post"}],"author":[{"embeddable":true,"href":"https:\/\/diarioregionaldigital.com.br\/index.php?rest_route=\/wp\/v2\/users\/96"}],"replies":[{"embeddable":true,"href":"https:\/\/diarioregionaldigital.com.br\/index.php?rest_route=%2Fwp%2Fv2%2Fcomments&post=91967"}],"version-history":[{"count":0,"href":"https:\/\/diarioregionaldigital.com.br\/index.php?rest_route=\/wp\/v2\/posts\/91967\/revisions"}],"wp:featuredmedia":[{"embeddable":true,"href":"https:\/\/diarioregionaldigital.com.br\/index.php?rest_route=\/wp\/v2\/media\/91966"}],"wp:attachment":[{"href":"https:\/\/diarioregionaldigital.com.br\/index.php?rest_route=%2Fwp%2Fv2%2Fmedia&parent=91967"}],"wp:term":[{"taxonomy":"category","embeddable":true,"href":"https:\/\/diarioregionaldigital.com.br\/index.php?rest_route=%2Fwp%2Fv2%2Fcategories&post=91967"},{"taxonomy":"post_tag","embeddable":true,"href":"https:\/\/diarioregionaldigital.com.br\/index.php?rest_route=%2Fwp%2Fv2%2Ftags&post=91967"}],"curies":[{"name":"wp","href":"https:\/\/api.w.org\/{rel}","templated":true}]}}