{"id":91965,"date":"2018-02-16T18:49:24","date_gmt":"2018-02-16T20:49:24","guid":{"rendered":"http:\/\/diarioregionaljf.com.br\/2018\/02\/16\/estudo-do-ipea-mostra-deficit-crescente-da-previdencia\/"},"modified":"2018-02-16T18:49:24","modified_gmt":"2018-02-16T20:49:24","slug":"estudo-do-ipea-mostra-deficit-crescente-da-previdencia","status":"publish","type":"post","link":"https:\/\/diarioregionaldigital.com.br\/?p=91965","title":{"rendered":"Estudo do Ipea mostra d\u00e9ficit crescente da Previd\u00eancia"},"content":{"rendered":"<p>Um estudo do Instituto de Pesquisa Econ\u00f4mica Aplicada (Ipea) divulgado mostra que haver\u00e1 um crescimento do d\u00e9ficit da Previd\u00eancia Social nos pr\u00f3ximos anos, com o aumento no n\u00famero de aposentadorias.<\/p>\n<p>Segundo a nota t\u00e9cnica do Ipea, o d\u00e9ficit dos Regimes Pr\u00f3prios de Previd\u00eancia Social dos Servidores P\u00fablicos (RPPSs) em 2017 ser\u00e1 de aproximadamente R$180 bilh\u00f5es. Em 2016, esse d\u00e9ficit, que considera os regimes pr\u00f3prios da Uni\u00e3o, estados e munic\u00edpios, ficou em R$170,79 bilh\u00f5es.<\/p>\n<p>O crescimento do n\u00famero de servidores aposentados e os aumentos de sal\u00e1rios concedidos ao funcionalismo entre 2004 e 2014 s\u00e3o apontados pelo Ipea como fatores determinantes para a eleva\u00e7\u00e3o das despesas previdenci\u00e1rias.<\/p>\n<p>\u201cVai se consolidando, portanto, um quadro em que cada vez mais os recursos dispon\u00edveis para a Uni\u00e3o e os governos estaduais se direcionam para gastos com Previd\u00eancia e pessoal, com impactos indiretos negativos relevantes sobre as demais \u00e1reas ou setores\u201d, diz o estudo.<\/p>\n<p>Segundo o Ipea, a reforma da Previd\u00eancia \u00e9 essencial para evitar que essas tend\u00eancias se agravem nos pr\u00f3ximos anos. \u201cTrata-se de medida que melhora a situa\u00e7\u00e3o fiscal e atuarial dos RPPSs, gera equidade entre os trabalhadores do setor privado e do INSS [Instituto Nacional do Seguro Social], bem como gera ganhos de sustentabilidade com impactos positivos sobre a distribui\u00e7\u00e3o de renda.\u201d<\/p>\n<h4>Contraponto<\/h4>\n<p>No ano passado, o Senado criou uma Comiss\u00e3o Parlamentar de Inqu\u00e9rito (CPI) para investigar a necessidade da reforma da Previd\u00eancia. Ap\u00f3s seis meses de trabalho, a CPI concluiu que n\u00e3o existe d\u00e9ficit da Previd\u00eancia Social ou da Seguridade Social no Brasil.<\/p>\n<hr \/>\n<p>&nbsp;Fonte: Ag\u00eancia Brasil<\/p>\n","protected":false},"excerpt":{"rendered":"<p>Um estudo do Instituto de Pesquisa Econ\u00f4mica Aplicada (Ipea) divulgado mostra que haver\u00e1 um crescimento do d\u00e9ficit da Previd\u00eancia Social nos pr\u00f3ximos anos, com o aumento no n\u00famero de aposentadorias. Segundo a nota t\u00e9cnica do Ipea, o d\u00e9ficit dos Regimes Pr\u00f3prios de Previd\u00eancia Social dos Servidores P\u00fablicos (RPPSs) em 2017 ser\u00e1 de aproximadamente R$180 bilh\u00f5es. [&hellip;]<\/p>\n","protected":false},"author":96,"featured_media":91964,"comment_status":"closed","ping_status":"closed","sticky":false,"template":"","format":"standard","meta":{"footnotes":""},"categories":[261],"tags":[],"class_list":["post-91965","post","type-post","status-publish","format-standard","has-post-thumbnail","hentry","category-economia"],"_links":{"self":[{"href":"https:\/\/diarioregionaldigital.com.br\/index.php?rest_route=\/wp\/v2\/posts\/91965","targetHints":{"allow":["GET"]}}],"collection":[{"href":"https:\/\/diarioregionaldigital.com.br\/index.php?rest_route=\/wp\/v2\/posts"}],"about":[{"href":"https:\/\/diarioregionaldigital.com.br\/index.php?rest_route=\/wp\/v2\/types\/post"}],"author":[{"embeddable":true,"href":"https:\/\/diarioregionaldigital.com.br\/index.php?rest_route=\/wp\/v2\/users\/96"}],"replies":[{"embeddable":true,"href":"https:\/\/diarioregionaldigital.com.br\/index.php?rest_route=%2Fwp%2Fv2%2Fcomments&post=91965"}],"version-history":[{"count":0,"href":"https:\/\/diarioregionaldigital.com.br\/index.php?rest_route=\/wp\/v2\/posts\/91965\/revisions"}],"wp:featuredmedia":[{"embeddable":true,"href":"https:\/\/diarioregionaldigital.com.br\/index.php?rest_route=\/wp\/v2\/media\/91964"}],"wp:attachment":[{"href":"https:\/\/diarioregionaldigital.com.br\/index.php?rest_route=%2Fwp%2Fv2%2Fmedia&parent=91965"}],"wp:term":[{"taxonomy":"category","embeddable":true,"href":"https:\/\/diarioregionaldigital.com.br\/index.php?rest_route=%2Fwp%2Fv2%2Fcategories&post=91965"},{"taxonomy":"post_tag","embeddable":true,"href":"https:\/\/diarioregionaldigital.com.br\/index.php?rest_route=%2Fwp%2Fv2%2Ftags&post=91965"}],"curies":[{"name":"wp","href":"https:\/\/api.w.org\/{rel}","templated":true}]}}