{"id":91963,"date":"2018-02-16T18:48:14","date_gmt":"2018-02-16T20:48:14","guid":{"rendered":"http:\/\/diarioregionaljf.com.br\/2018\/02\/16\/supermercados-fecham-2017-com-o-maior-numero-de-empregos-formais-ja-observado\/"},"modified":"2018-02-16T18:48:14","modified_gmt":"2018-02-16T20:48:14","slug":"supermercados-fecham-2017-com-o-maior-numero-de-empregos-formais-ja-observado","status":"publish","type":"post","link":"https:\/\/diarioregionaldigital.com.br\/?p=91963","title":{"rendered":"Supermercados fecham 2017 com o maior n\u00famero de empregos formais j\u00e1 observado"},"content":{"rendered":"<p>O setor de supermercados em S\u00e3o Paulo fechou o ano de 2017 com o maior n\u00famero de empregos formais j\u00e1 observado. Segundo levantamento divulgado hoje (15) pela Associa\u00e7\u00e3o Paulista de Supermercados (Apas), com base no Cadastro Geral de Empregados e Desempregados (Caged) do Minist\u00e9rio do Trabalho, o setor contratou 530.233 colaboradores no per\u00edodo. S\u00f3 em 2017, foram criadas 8.592 vagas, n\u00famero duas vezes superior aos 3.992 empregos que foram criados no ano anterior.<\/p>\n<p>Para Thiago Berka, economista da APAS, o n\u00famero deve ser comemorado, embora ainda esteja abaixo da m\u00e9dia de 2010 a 2014. \u201cOs n\u00fameros passam confian\u00e7a ao setor para seguir investindo e gerar cada vez mais empregos. A m\u00e9dia de 2010 at\u00e9 2014 foi de 18.915 postos l\u00edquidos positivos de trabalho, isso demonstra que h\u00e1 uma grande lacuna de avan\u00e7o e crescimento para o setor buscar novos profissionais\u201d, disse.<\/p>\n<p>Quem mais contratou no per\u00edodo foram supermercados e hipermercados, com 5.289 empregos formais, o que corresponde a 62% do total dos empregos criados no ano passado. Nos minimercados e mercearias, no entanto, a situa\u00e7\u00e3o n\u00e3o foi t\u00e3o positiva, uma vez que fecharam o ano com a contrata\u00e7\u00e3o de apenas 292 pessoas, no pior resultado desde 2010.<\/p>\n<p>\u201cO primeiro ponto foi a maior defla\u00e7\u00e3o hist\u00f3rica dos alimentos, que acelerou no segundo semestre e chegou ao menor valor da hist\u00f3ria do Plano Real, que, para o pequeno varejista, pressiona suas margens j\u00e1 apertadas. Outro ponto foi a intensifica\u00e7\u00e3o das promo\u00e7\u00f5es de final de ano pelas m\u00e9dias e grandes redes, que tornou a competi\u00e7\u00e3o ainda mais acirrada. E a poss\u00edvel antecipa\u00e7\u00e3o da demiss\u00e3o dos funcion\u00e1rios tempor\u00e1rios, de janeiro para dezembro, em virtude do desempenho abaixo do esperado para o Natal\u201d, disse.<\/p>\n<p>Os atacados e atacarejos encerraram 2017 com a cria\u00e7\u00e3o de 2.292 vagas, resultado parecido a 2016, mas abaixo da m\u00e9dia hist\u00f3rica. J\u00e1 o com\u00e9rcio hortifrutigranjeiro criou 713 vagas, melhor desempenho desde 2013.<\/p>\n<h4>Previs\u00e3o<\/h4>\n<p>A expectativa da Apas \u00e9 que o setor encerre este ano com 12 mil empregos novos empregos, ou seja, n\u00famero 25% maior do que no ano passado. \u201cCom a queda da infla\u00e7\u00e3o, da taxa b\u00e1sica de juros e a consequente retomada da economia esperado para 2018, o setor supermercadista d\u00e1 sinais de que pode recuperar suas vendas em faturamento e volume. Isso resulta diretamente no crescimento do emprego, j\u00e1 que a demanda tende a ser maior\u201d, disse o economista.<\/p>\n<hr \/>\n<p>&nbsp;Fonte: Ag\u00eancia Brasil<\/p>\n","protected":false},"excerpt":{"rendered":"<p>O setor de supermercados em S\u00e3o Paulo fechou o ano de 2017 com o maior n\u00famero de empregos formais j\u00e1 observado. Segundo levantamento divulgado hoje (15) pela Associa\u00e7\u00e3o Paulista de Supermercados (Apas), com base no Cadastro Geral de Empregados e Desempregados (Caged) do Minist\u00e9rio do Trabalho, o setor contratou 530.233 colaboradores no per\u00edodo. S\u00f3 em [&hellip;]<\/p>\n","protected":false},"author":96,"featured_media":91962,"comment_status":"closed","ping_status":"closed","sticky":false,"template":"","format":"standard","meta":{"footnotes":""},"categories":[261],"tags":[],"class_list":["post-91963","post","type-post","status-publish","format-standard","has-post-thumbnail","hentry","category-economia"],"_links":{"self":[{"href":"https:\/\/diarioregionaldigital.com.br\/index.php?rest_route=\/wp\/v2\/posts\/91963","targetHints":{"allow":["GET"]}}],"collection":[{"href":"https:\/\/diarioregionaldigital.com.br\/index.php?rest_route=\/wp\/v2\/posts"}],"about":[{"href":"https:\/\/diarioregionaldigital.com.br\/index.php?rest_route=\/wp\/v2\/types\/post"}],"author":[{"embeddable":true,"href":"https:\/\/diarioregionaldigital.com.br\/index.php?rest_route=\/wp\/v2\/users\/96"}],"replies":[{"embeddable":true,"href":"https:\/\/diarioregionaldigital.com.br\/index.php?rest_route=%2Fwp%2Fv2%2Fcomments&post=91963"}],"version-history":[{"count":0,"href":"https:\/\/diarioregionaldigital.com.br\/index.php?rest_route=\/wp\/v2\/posts\/91963\/revisions"}],"wp:featuredmedia":[{"embeddable":true,"href":"https:\/\/diarioregionaldigital.com.br\/index.php?rest_route=\/wp\/v2\/media\/91962"}],"wp:attachment":[{"href":"https:\/\/diarioregionaldigital.com.br\/index.php?rest_route=%2Fwp%2Fv2%2Fmedia&parent=91963"}],"wp:term":[{"taxonomy":"category","embeddable":true,"href":"https:\/\/diarioregionaldigital.com.br\/index.php?rest_route=%2Fwp%2Fv2%2Fcategories&post=91963"},{"taxonomy":"post_tag","embeddable":true,"href":"https:\/\/diarioregionaldigital.com.br\/index.php?rest_route=%2Fwp%2Fv2%2Ftags&post=91963"}],"curies":[{"name":"wp","href":"https:\/\/api.w.org\/{rel}","templated":true}]}}