{"id":91961,"date":"2018-02-16T18:35:47","date_gmt":"2018-02-16T20:35:47","guid":{"rendered":"http:\/\/diarioregionaljf.com.br\/2018\/02\/16\/museu-de-cultura-popular-apresenta-a-mostra-senhoras-das-aguas\/"},"modified":"2018-02-16T18:35:47","modified_gmt":"2018-02-16T20:35:47","slug":"museu-de-cultura-popular-apresenta-a-mostra-senhoras-das-aguas","status":"publish","type":"post","link":"https:\/\/diarioregionaldigital.com.br\/?p=91961","title":{"rendered":"Museu de Cultura Popular apresenta a mostra \u201cSenhoras das \u00c1guas\u201d"},"content":{"rendered":"<p>O Museu de Cultura Popular, do Forum da Cultura, apresenta neste m\u00eas de fevereiro a mostra \u201cSenhoras das \u00c1guas\u201d, dedicada a duas figuras religiosas: Iemanj\u00e1 e Nossa Senhora dos Navegantes, cultuadas como entidades de prote\u00e7\u00e3o dos pescadores e navegantes. A exposi\u00e7\u00e3o fica em cartaz at\u00e9 o dia dois de mar\u00e7o, podendo ser visitada de segunda a sexta-feira, das 14 \u00e0s 18h. A entrada \u00e9 franca.<\/p>\n<p>Em tempos de intoler\u00e2ncia, a mostra nos traz a import\u00e2ncia da devo\u00e7\u00e3o por meio de duas entidades conhecidas no cen\u00e1rio religioso: Nossa Senhora dos Navegantes, invoca\u00e7\u00e3o herdada da coloniza\u00e7\u00e3o portuguesa nos tempos das grandes navega\u00e7\u00f5es e Iemanj\u00e1, cultuada pelas religi\u00f5es afro-brasileiras.<\/p>\n<p>Nossa Senhora dos Navegantes, em cer\u00e2mica pintada, de Guaratinguet\u00e1, SP, integra a mostra juntamente com representa\u00e7\u00f5es de Iemanj\u00e1 em diversos materiais. Tamb\u00e9m comp\u00f5em a mostra miniaturas de barcos e jangadas feitos de madeira, conchas e ossos de peixe, todas confeccionadas por artes\u00e3os do nordeste brasileiro.<\/p>\n<p>Al\u00e9m de ora\u00e7\u00f5es dedicadas \u00e0 Iemanj\u00e1, um dos destaques da exposi\u00e7\u00e3o \u00e9 um barco de oferendas, o qual os devotos colocam no mar em busca de prote\u00e7\u00e3o e prosperidade, geralmente no dia 02 de fevereiro, data em que se comemora o dia das duas entidades.<\/p>\n<h4>Protetoras do Mar<\/h4>\n<p>Nossa Senhora dos Navegantes, tamb\u00e9m conhecida como Nossa Senhora das Candeias, Nossa Senhora da Boa Viagem ou Nossa Senhora da Boa Esperan\u00e7a, teve seu culto iniciado ainda no s\u00e9culo XV, com a navega\u00e7\u00e3o dos europeus. Era comum os navegantes pedirem prote\u00e7\u00e3o \u00e0 Nossa Senhora contra tempestades e outros perigos que o mar trazia.<\/p>\n<p>Jana\u00edna, Rainha do Mar, Marab\u00f4, Ina\u00ea, Iara, Sereia, Princesa de Aioc\u00e1, \u00cdsis, M\u00e3e-d\u2019\u00e1gua e Maria s\u00e3o apenas algumas das denomina\u00e7\u00f5es recebidas por Iemanj\u00e1, dependendo de cada regi\u00e3o. Ela \u00e9 um dos orix\u00e1s de origem africana mais conhecidos e louvados no Brasil, em especial, nas culturas baiana e carioca. O nome Iemanj\u00e1 \u00e9 derivado da express\u00e3o Iorub\u00e1, que quer dizer \u201cm\u00e3e cujos filhos s\u00e3o como peixes\u201d. Representada nas cores branco, prata, azul-celeste e verde-\u00e1gua no candombl\u00e9 e azul e branco pelos adeptos da umbanda, ela \u00e9 bastante reverenciada nos diversos terreiros de cren\u00e7as afro-brasileiras.<\/p>\n<hr \/>\n<p>&nbsp;Fonte: Assessoria\/UFJF<\/p>\n","protected":false},"excerpt":{"rendered":"<p>O Museu de Cultura Popular, do Forum da Cultura, apresenta neste m\u00eas de fevereiro a mostra \u201cSenhoras das \u00c1guas\u201d, dedicada a duas figuras religiosas: Iemanj\u00e1 e Nossa Senhora dos Navegantes, cultuadas como entidades de prote\u00e7\u00e3o dos pescadores e navegantes. A exposi\u00e7\u00e3o fica em cartaz at\u00e9 o dia dois de mar\u00e7o, podendo ser visitada de segunda [&hellip;]<\/p>\n","protected":false},"author":96,"featured_media":91960,"comment_status":"closed","ping_status":"closed","sticky":false,"template":"","format":"standard","meta":{"footnotes":""},"categories":[256],"tags":[],"class_list":["post-91961","post","type-post","status-publish","format-standard","has-post-thumbnail","hentry","category-cultura"],"_links":{"self":[{"href":"https:\/\/diarioregionaldigital.com.br\/index.php?rest_route=\/wp\/v2\/posts\/91961","targetHints":{"allow":["GET"]}}],"collection":[{"href":"https:\/\/diarioregionaldigital.com.br\/index.php?rest_route=\/wp\/v2\/posts"}],"about":[{"href":"https:\/\/diarioregionaldigital.com.br\/index.php?rest_route=\/wp\/v2\/types\/post"}],"author":[{"embeddable":true,"href":"https:\/\/diarioregionaldigital.com.br\/index.php?rest_route=\/wp\/v2\/users\/96"}],"replies":[{"embeddable":true,"href":"https:\/\/diarioregionaldigital.com.br\/index.php?rest_route=%2Fwp%2Fv2%2Fcomments&post=91961"}],"version-history":[{"count":0,"href":"https:\/\/diarioregionaldigital.com.br\/index.php?rest_route=\/wp\/v2\/posts\/91961\/revisions"}],"wp:featuredmedia":[{"embeddable":true,"href":"https:\/\/diarioregionaldigital.com.br\/index.php?rest_route=\/wp\/v2\/media\/91960"}],"wp:attachment":[{"href":"https:\/\/diarioregionaldigital.com.br\/index.php?rest_route=%2Fwp%2Fv2%2Fmedia&parent=91961"}],"wp:term":[{"taxonomy":"category","embeddable":true,"href":"https:\/\/diarioregionaldigital.com.br\/index.php?rest_route=%2Fwp%2Fv2%2Fcategories&post=91961"},{"taxonomy":"post_tag","embeddable":true,"href":"https:\/\/diarioregionaldigital.com.br\/index.php?rest_route=%2Fwp%2Fv2%2Ftags&post=91961"}],"curies":[{"name":"wp","href":"https:\/\/api.w.org\/{rel}","templated":true}]}}