{"id":91959,"date":"2018-02-16T18:31:16","date_gmt":"2018-02-16T20:31:16","guid":{"rendered":"http:\/\/diarioregionaljf.com.br\/2018\/02\/16\/centro-de-convencoes-da-medicina-e-da-fisioterapia-deve-ser-finalizado-em-maio\/"},"modified":"2018-02-16T18:31:16","modified_gmt":"2018-02-16T20:31:16","slug":"centro-de-convencoes-da-medicina-e-da-fisioterapia-deve-ser-finalizado-em-maio","status":"publish","type":"post","link":"https:\/\/diarioregionaldigital.com.br\/?p=91959","title":{"rendered":"Centro de Conven\u00e7\u00f5es da Medicina e da Fisioterapia deve ser finalizado em maio"},"content":{"rendered":"<p>A gest\u00e3o \u201cReconstruir a UFJF\u201d assumiu a Reitoria da Universidade Federal de Juiz de Fora (UFJF) em abril de 2016. Um dos principais compromissos de campanha, \u00e0 \u00e9poca, era de oferecer transpar\u00eancia \u00e0s atividades desenvolvidas pela Administra\u00e7\u00e3o Superior, tornando poss\u00edvel a participa\u00e7\u00e3o da comunidade acad\u00eamica nas tomadas de decis\u00e3o que envolvem a Universidade. Como parte dessa proposta, apresentam-se as obras e demais interven\u00e7\u00f5es infraestruturais em execu\u00e7\u00e3o no campus de Juiz de Fora, tanto as que est\u00e3o para ser entregues, quanto as que est\u00e3o em andamento, previstas para serem executadas pela Pr\u00f3-reitoria de Infraestrutura e Gest\u00e3o (Proinfra).<\/p>\n<p>Iniciada em 15 de janeiro deste ano e com previs\u00e3o de t\u00e9rmino em maio, a obra em execu\u00e7\u00e3o na \u00e1rea do Centro de Conven\u00e7\u00f5es das faculdades de Medicina e de Fisioterapia da UFJF se destina \u00e0 montagem de uma subesta\u00e7\u00e3o de energia el\u00e9trica, de redes el\u00e9tricas subterr\u00e2neas e de um muro de conten\u00e7\u00e3o de encostas, de forma a desmembrar a alimenta\u00e7\u00e3o el\u00e9trica do Hospital Universit\u00e1rio (HU) das demais unidades. De acordo com a pr\u00f3-reitora adjunta da Proinfra, Janezete Marques, h\u00e1 negocia\u00e7\u00f5es em andamento com a Companhia Energ\u00e9tica de Minas Gerais (Cemig) para ampliar a demanda de energia contratada pela institui\u00e7\u00e3o.<\/p>\n<p>A pr\u00f3-reitora afirma que \u201cuma vez conclu\u00eddos os trabalhos, poderemos inaugurar o Centro de Eventos, cujo anfiteatro possui capacidade para 700 pessoas\u201d. A execu\u00e7\u00e3o desta interven\u00e7\u00e3o est\u00e1 a cargo da empresa M. Trindade Construtora Ltda., contratada por meio de processo licitat\u00f3rio realizado em 16 de outubro do ano passado. A sele\u00e7\u00e3o (002\/2017) foi feita pelo Regime Diferenciado de Contrata\u00e7\u00e3o (RDC), m\u00e9todo estabelecido pela Lei n\u00ba 12.462 e pelo qual a defini\u00e7\u00e3o do vencedor se d\u00e1 pelo menor pre\u00e7o quando os concorrentes apresentam suas propostas e ofertas por meio de lances p\u00fablicos. Nele, diferentemente do tradicional, os concorrentes n\u00e3o t\u00eam acesso ao or\u00e7amento da obra e s\u00f3 t\u00eam um \u00fanico prazo recursal de cinco dias \u00fateis no fim da fase de habilita\u00e7\u00e3o.<\/p>\n<h4>Qualidade e Legalidade<\/h4>\n<p>\u201cA fun\u00e7\u00e3o da empresa contratada \u00e9 executar a obra conforme os projetos, especifica\u00e7\u00f5es t\u00e9cnicas e planilhas do processo licitat\u00f3rio. J\u00e1 a da UFJF vai desde a elabora\u00e7\u00e3o dos projetos de engenharia e planilhas or\u00e7ament\u00e1rias, at\u00e9 a realiza\u00e7\u00e3o da licita\u00e7\u00e3o e, agora, proceder \u00e0 fiscaliza\u00e7\u00e3o da obra por meio dos tr\u00eas engenheiros de seu quadro\u201d, explica Janezete. A pr\u00f3-reitora enfatiza ainda a import\u00e2ncia desse trabalho bem coordenado para garantir a qualidade da execu\u00e7\u00e3o e a conformidade com as prerrogativas legais desse tipo de servi\u00e7o.<\/p>\n<p>\u201cO projeto executivo \u00e9 pe\u00e7a indispens\u00e1vel para a execu\u00e7\u00e3o da obra e, at\u00e9 mesmo, uma exig\u00eancia legal para a realiza\u00e7\u00e3o da licita\u00e7\u00e3o\u201d, refor\u00e7a. No caso da interven\u00e7\u00e3o em andamento no setor do Centro de Conven\u00e7\u00f5es, a assinatura do contrato para execu\u00e7\u00e3o da obra (n\u00ba 141\/2017) ocorreu no dia 19 de dezembro do ano passado, tendo a empresa 120 dias, contados a partir da emiss\u00e3o da ordem de servi\u00e7os (em 15 de janeiro), para execut\u00e1-los. O valor total do contrato \u00e9 de R$564.362,78.<\/p>\n<hr \/>\n<p>&nbsp;Fonte: Assessoria\/UFJF<\/p>\n","protected":false},"excerpt":{"rendered":"<p>A gest\u00e3o \u201cReconstruir a UFJF\u201d assumiu a Reitoria da Universidade Federal de Juiz de Fora (UFJF) em abril de 2016. Um dos principais compromissos de campanha, \u00e0 \u00e9poca, era de oferecer transpar\u00eancia \u00e0s atividades desenvolvidas pela Administra\u00e7\u00e3o Superior, tornando poss\u00edvel a participa\u00e7\u00e3o da comunidade acad\u00eamica nas tomadas de decis\u00e3o que envolvem a Universidade. Como parte [&hellip;]<\/p>\n","protected":false},"author":96,"featured_media":91958,"comment_status":"closed","ping_status":"closed","sticky":false,"template":"","format":"standard","meta":{"footnotes":""},"categories":[253],"tags":[],"class_list":["post-91959","post","type-post","status-publish","format-standard","has-post-thumbnail","hentry","category-cidade"],"_links":{"self":[{"href":"https:\/\/diarioregionaldigital.com.br\/index.php?rest_route=\/wp\/v2\/posts\/91959","targetHints":{"allow":["GET"]}}],"collection":[{"href":"https:\/\/diarioregionaldigital.com.br\/index.php?rest_route=\/wp\/v2\/posts"}],"about":[{"href":"https:\/\/diarioregionaldigital.com.br\/index.php?rest_route=\/wp\/v2\/types\/post"}],"author":[{"embeddable":true,"href":"https:\/\/diarioregionaldigital.com.br\/index.php?rest_route=\/wp\/v2\/users\/96"}],"replies":[{"embeddable":true,"href":"https:\/\/diarioregionaldigital.com.br\/index.php?rest_route=%2Fwp%2Fv2%2Fcomments&post=91959"}],"version-history":[{"count":0,"href":"https:\/\/diarioregionaldigital.com.br\/index.php?rest_route=\/wp\/v2\/posts\/91959\/revisions"}],"wp:featuredmedia":[{"embeddable":true,"href":"https:\/\/diarioregionaldigital.com.br\/index.php?rest_route=\/wp\/v2\/media\/91958"}],"wp:attachment":[{"href":"https:\/\/diarioregionaldigital.com.br\/index.php?rest_route=%2Fwp%2Fv2%2Fmedia&parent=91959"}],"wp:term":[{"taxonomy":"category","embeddable":true,"href":"https:\/\/diarioregionaldigital.com.br\/index.php?rest_route=%2Fwp%2Fv2%2Fcategories&post=91959"},{"taxonomy":"post_tag","embeddable":true,"href":"https:\/\/diarioregionaldigital.com.br\/index.php?rest_route=%2Fwp%2Fv2%2Ftags&post=91959"}],"curies":[{"name":"wp","href":"https:\/\/api.w.org\/{rel}","templated":true}]}}