{"id":91955,"date":"2018-02-16T18:23:46","date_gmt":"2018-02-16T20:23:46","guid":{"rendered":"http:\/\/diarioregionaljf.com.br\/2018\/02\/16\/vereadores-discutem-politicas-sobre-drogas-na-cidade\/"},"modified":"2018-02-16T18:23:46","modified_gmt":"2018-02-16T20:23:46","slug":"vereadores-discutem-politicas-sobre-drogas-na-cidade","status":"publish","type":"post","link":"https:\/\/diarioregionaldigital.com.br\/?p=91955","title":{"rendered":"Vereadores discutem pol\u00edticas sobre drogas na cidade"},"content":{"rendered":"<p>Atualmente, Juiz de Fora n\u00e3o possui quase nenhum tipo de pol\u00edtica p\u00fablica que atenda na reabilita\u00e7\u00e3o de dependentes qu\u00edmicos. Para atender essa demanda, existem cerca de 18 comunidades terap\u00eauticas, que s\u00e3o de cunho religioso; e o Centro de Aten\u00e7\u00e3o Psicossocial (Caps), aparelho do Estado, que, assim como o primeiro, visam trabalhar na recupera\u00e7\u00e3o do indiv\u00edduo j\u00e1 debilitado. Al\u00e9m disso, outro problema referente a essa quest\u00e3o est\u00e1 relacionado \u00e0 fiscaliza\u00e7\u00e3o das mesmas. Como elas n\u00e3o s\u00e3o regulamentadas, n\u00e3o tem como haver fiscaliza\u00e7\u00e3o.<\/p>\n<p>Para tentar entender um pouco mais sobre essa realidade, os vereadores Charlles Evangelista (PP) e Sheila Oliveira (PTC), se reuniram nessa quinta-feira, 15, com o secret\u00e1rio de Desenvolvimento Social, Abra\u00e3o Gerson Ribeiro, e representantes da pasta. Na ocasi\u00e3o, o secret\u00e1rio ressaltou que o maior impasse para o pleno desenvolvimento de pol\u00edticas sobre drogas est\u00e1 ligado a recursos financeiros. A cidade possui um fundo municipal destinado a esse tema, por\u00e9m, n\u00e3o h\u00e1 capta\u00e7\u00e3o por n\u00e3o estar regulamentado. Ele ainda destaca que seria necess\u00e1rio criar um caminho para que essa contribui\u00e7\u00e3o viesse tanto do campo empresarial quanto da popula\u00e7\u00e3o.<\/p>\n<p>Abra\u00e3o relembrou ainda que, todas as comunidades atuam de maneira irregular, pois h\u00e1 empecilhos para a regulamenta\u00e7\u00e3o das mesmas junto ao Conselho Municipal de Pol\u00edticas Integradas sobre Drogas (Compid). Assim, as comunidades sobrevivem atrav\u00e9s de doa\u00e7\u00f5es das fam\u00edlias e da popula\u00e7\u00e3o. O secret\u00e1rio destacou que \u00e9 necess\u00e1rio criar um ambiente de capacita\u00e7\u00e3o dos gestores dessas comunidades, bem como ter discuss\u00f5es intersetoriais, que envolvam n\u00e3o s\u00f3 a pasta sob sua ger\u00eancia, mas, tamb\u00e9m, a sa\u00fade, seguran\u00e7a p\u00fablica e trabalho, com o intuito de melhorar o atendimento aos usu\u00e1rios.<\/p>\n<p>Al\u00e9m disso, a cidade precisa verificar e criar leis que v\u00e3o ao encontro para atender as demandas da sa\u00fade e da assist\u00eancia social relacionadas \u00e0s pol\u00edticas de combate as drogas.<\/p>\n<p>Os vereadores, que pretendem criar a comiss\u00e3o especial de enfrentamento \u00e0s drogas, planejam visitar as comunidades terap\u00eauticas.<\/p>\n<p>Fonte: Assessoria<\/p>\n","protected":false},"excerpt":{"rendered":"<p>Atualmente, Juiz de Fora n\u00e3o possui quase nenhum tipo de pol\u00edtica p\u00fablica que atenda na reabilita\u00e7\u00e3o de dependentes qu\u00edmicos. Para atender essa demanda, existem cerca de 18 comunidades terap\u00eauticas, que s\u00e3o de cunho religioso; e o Centro de Aten\u00e7\u00e3o Psicossocial (Caps), aparelho do Estado, que, assim como o primeiro, visam trabalhar na recupera\u00e7\u00e3o do indiv\u00edduo [&hellip;]<\/p>\n","protected":false},"author":96,"featured_media":91954,"comment_status":"closed","ping_status":"closed","sticky":false,"template":"","format":"standard","meta":{"footnotes":""},"categories":[254],"tags":[],"class_list":["post-91955","post","type-post","status-publish","format-standard","has-post-thumbnail","hentry","category-politica"],"_links":{"self":[{"href":"https:\/\/diarioregionaldigital.com.br\/index.php?rest_route=\/wp\/v2\/posts\/91955","targetHints":{"allow":["GET"]}}],"collection":[{"href":"https:\/\/diarioregionaldigital.com.br\/index.php?rest_route=\/wp\/v2\/posts"}],"about":[{"href":"https:\/\/diarioregionaldigital.com.br\/index.php?rest_route=\/wp\/v2\/types\/post"}],"author":[{"embeddable":true,"href":"https:\/\/diarioregionaldigital.com.br\/index.php?rest_route=\/wp\/v2\/users\/96"}],"replies":[{"embeddable":true,"href":"https:\/\/diarioregionaldigital.com.br\/index.php?rest_route=%2Fwp%2Fv2%2Fcomments&post=91955"}],"version-history":[{"count":0,"href":"https:\/\/diarioregionaldigital.com.br\/index.php?rest_route=\/wp\/v2\/posts\/91955\/revisions"}],"wp:featuredmedia":[{"embeddable":true,"href":"https:\/\/diarioregionaldigital.com.br\/index.php?rest_route=\/wp\/v2\/media\/91954"}],"wp:attachment":[{"href":"https:\/\/diarioregionaldigital.com.br\/index.php?rest_route=%2Fwp%2Fv2%2Fmedia&parent=91955"}],"wp:term":[{"taxonomy":"category","embeddable":true,"href":"https:\/\/diarioregionaldigital.com.br\/index.php?rest_route=%2Fwp%2Fv2%2Fcategories&post=91955"},{"taxonomy":"post_tag","embeddable":true,"href":"https:\/\/diarioregionaldigital.com.br\/index.php?rest_route=%2Fwp%2Fv2%2Ftags&post=91955"}],"curies":[{"name":"wp","href":"https:\/\/api.w.org\/{rel}","templated":true}]}}