{"id":91953,"date":"2018-02-16T18:20:42","date_gmt":"2018-02-16T20:20:42","guid":{"rendered":"http:\/\/diarioregionaljf.com.br\/2018\/02\/16\/prefeitura-atende-solicitacao-de-vereador-do-pv-e-instala-novo-parcao-no-bairro-bairu\/"},"modified":"2018-02-16T18:20:42","modified_gmt":"2018-02-16T20:20:42","slug":"prefeitura-atende-solicitacao-de-vereador-do-pv-e-instala-novo-parcao-no-bairro-bairu","status":"publish","type":"post","link":"https:\/\/diarioregionaldigital.com.br\/?p=91953","title":{"rendered":"Prefeitura atende solicita\u00e7\u00e3o de vereador do PV e instala novo Parc\u00e3o no bairro Bairu"},"content":{"rendered":"<p>Os moradores do bairro Bairu, zona Leste de Juiz de Fora, ganharam um espa\u00e7o totalmente dedicado a receber pets na Pra\u00e7a Prefeito Olavo Costa (Pra\u00e7a da Baleia). A demanda pelo Parc\u00e3o foi encaminhada pelo vereador Z\u00e9 M\u00e1rcio- Garotinho, em junho de 2016, por meio de requerimento n\u00famero 1500\/2016.<\/p>\n<p>A inaugura\u00e7\u00e3o do espa\u00e7o aconteceu&nbsp; nesta sexta-feira, 16, simultaneamente com um evento de ado\u00e7\u00e3o de c\u00e3es e gatos. Z\u00e9 M\u00e1rcio ressalta que a implanta\u00e7\u00e3o do Parc\u00e3o foi um pedido dos moradores do bairro, que sentiam falta de um ambiente apropriado para os c\u00e3es. \u201cEntendemos que o Parc\u00e3o \u00e9 uma forma de ter uma \u00e1rea reservada para os animais e, ao mesmo tempo, preservar a sa\u00fade e a liberdade dos moradores que utilizam a pra\u00e7a\u201d.<\/p>\n<p>O vereador ainda comenta que a \u00e1rea prezar pela boa conviv\u00eancia entre os moradores e a prote\u00e7\u00e3o dos animais, garantindo um local prop\u00edcio para que eles e seus donos tenham momentos de lazer.<\/p>\n<hr \/>\n<p>&nbsp;Fonte: Assessoria&nbsp;<\/p>\n","protected":false},"excerpt":{"rendered":"<p>Os moradores do bairro Bairu, zona Leste de Juiz de Fora, ganharam um espa\u00e7o totalmente dedicado a receber pets na Pra\u00e7a Prefeito Olavo Costa (Pra\u00e7a da Baleia). A demanda pelo Parc\u00e3o foi encaminhada pelo vereador Z\u00e9 M\u00e1rcio- Garotinho, em junho de 2016, por meio de requerimento n\u00famero 1500\/2016. A inaugura\u00e7\u00e3o do espa\u00e7o aconteceu&nbsp; nesta sexta-feira, [&hellip;]<\/p>\n","protected":false},"author":96,"featured_media":91952,"comment_status":"closed","ping_status":"closed","sticky":false,"template":"","format":"standard","meta":{"footnotes":""},"categories":[254],"tags":[],"class_list":["post-91953","post","type-post","status-publish","format-standard","has-post-thumbnail","hentry","category-politica"],"_links":{"self":[{"href":"https:\/\/diarioregionaldigital.com.br\/index.php?rest_route=\/wp\/v2\/posts\/91953","targetHints":{"allow":["GET"]}}],"collection":[{"href":"https:\/\/diarioregionaldigital.com.br\/index.php?rest_route=\/wp\/v2\/posts"}],"about":[{"href":"https:\/\/diarioregionaldigital.com.br\/index.php?rest_route=\/wp\/v2\/types\/post"}],"author":[{"embeddable":true,"href":"https:\/\/diarioregionaldigital.com.br\/index.php?rest_route=\/wp\/v2\/users\/96"}],"replies":[{"embeddable":true,"href":"https:\/\/diarioregionaldigital.com.br\/index.php?rest_route=%2Fwp%2Fv2%2Fcomments&post=91953"}],"version-history":[{"count":0,"href":"https:\/\/diarioregionaldigital.com.br\/index.php?rest_route=\/wp\/v2\/posts\/91953\/revisions"}],"wp:featuredmedia":[{"embeddable":true,"href":"https:\/\/diarioregionaldigital.com.br\/index.php?rest_route=\/wp\/v2\/media\/91952"}],"wp:attachment":[{"href":"https:\/\/diarioregionaldigital.com.br\/index.php?rest_route=%2Fwp%2Fv2%2Fmedia&parent=91953"}],"wp:term":[{"taxonomy":"category","embeddable":true,"href":"https:\/\/diarioregionaldigital.com.br\/index.php?rest_route=%2Fwp%2Fv2%2Fcategories&post=91953"},{"taxonomy":"post_tag","embeddable":true,"href":"https:\/\/diarioregionaldigital.com.br\/index.php?rest_route=%2Fwp%2Fv2%2Ftags&post=91953"}],"curies":[{"name":"wp","href":"https:\/\/api.w.org\/{rel}","templated":true}]}}