{"id":91949,"date":"2018-02-16T18:03:23","date_gmt":"2018-02-16T20:03:23","guid":{"rendered":"http:\/\/diarioregionaljf.com.br\/2018\/02\/16\/acnur-leva-mais-de-mil-refugiados-libios-para-a-italia-e-o-niger\/"},"modified":"2018-02-16T18:03:23","modified_gmt":"2018-02-16T20:03:23","slug":"acnur-leva-mais-de-mil-refugiados-libios-para-a-italia-e-o-niger","status":"publish","type":"post","link":"https:\/\/diarioregionaldigital.com.br\/?p=91949","title":{"rendered":"Acnur leva mais de mil refugiados l\u00edbios para a It\u00e1lia e o N\u00edger"},"content":{"rendered":"<p>A Ag\u00eancia das Na\u00e7\u00f5es Unidas para Refugiados (Acnur), j\u00e1 transferiu para o N\u00edger e para a It\u00e1lia mais de mil refugiados l\u00edbios vulner\u00e1veis. O enviado especial da ONU para o Mediterr\u00e2neo Central, Vincent Cochetel, disse nessa sexta-feira, 16, que \u201cestas evacua\u00e7\u00f5es ofereceram uma segunda oportunidade na vida para mais de mil refugiados que estavam na L\u00edbia e tinham sofrido de forma tremenda&#8221;. A informa\u00e7\u00e3o \u00e9 da ONU News.<\/p>\n<p>A opera\u00e7\u00e3o de transfer\u00eancia vem sendo feita desde novembro passado. Na ter\u00e7a-feira, 13, 128 pessoas foram levadas para Niamey, no N\u00edger, e para Roma, capital da It\u00e1lia. Com isso, o total de refugiados retirados durante a opera\u00e7\u00e3o da Acnur subiu para 1.110.<\/p>\n<p>A maioria destes refugiados, 770, foram acolhidos pelo N\u00edger, tendo 312 sido levados para It\u00e1lia. O grupo inclui m\u00e3es solteiras, crian\u00e7as desacompanhadas e fam\u00edlias que tinham sido detidas por longos per\u00edodos de tempo.<\/p>\n<p>Assim que chegam, estas pessoas recebem um check-up m\u00e9dico, uma refei\u00e7\u00e3o quente, roupas novas, e s\u00e3o levadas para centros de acolhimento. O enviado especial diz que a Acnur pretende evacuar \u201cmais milhares\u201d de pessoas durante o ano de 2018.<\/p>\n<h4>&nbsp;<\/h4>\n<h4>MAIS DISPONIBILIDADE<\/h4>\n<p>Cochetel diz que estas evacua\u00e7\u00f5es \u201cs\u00e3o o melhor exemplo do impacto que a solidariedade internacional pode ter sobre os refugiados.\u201d Ele avisa, no entanto, que a ag\u00eancia procura mais pa\u00edses dispon\u00edveis para acolher pessoas desta zona do globo. A Acnur recebeu apenas 16.940 ofertas de vagas para pessoas nos 15 pa\u00edses priorit\u00e1rios no Mediterr\u00e2neo Central, e precisa de muitas mais.<\/p>\n<p>O enviado especial da ONU pede \u201ca todos os pa\u00edses da regi\u00e3o que avancem com vagas adicionais que possam ser uma solu\u00e7\u00e3o tang\u00edvel para muitos outros refugiados que ainda est\u00e3o na L\u00edbia.\u201d<\/p>\n<p>Fonte: Ag\u00eancia Brasil<\/p>\n","protected":false},"excerpt":{"rendered":"<p>A Ag\u00eancia das Na\u00e7\u00f5es Unidas para Refugiados (Acnur), j\u00e1 transferiu para o N\u00edger e para a It\u00e1lia mais de mil refugiados l\u00edbios vulner\u00e1veis. O enviado especial da ONU para o Mediterr\u00e2neo Central, Vincent Cochetel, disse nessa sexta-feira, 16, que \u201cestas evacua\u00e7\u00f5es ofereceram uma segunda oportunidade na vida para mais de mil refugiados que estavam na [&hellip;]<\/p>\n","protected":false},"author":96,"featured_media":91948,"comment_status":"closed","ping_status":"closed","sticky":false,"template":"","format":"standard","meta":{"footnotes":""},"categories":[302],"tags":[],"class_list":["post-91949","post","type-post","status-publish","format-standard","has-post-thumbnail","hentry","category-brasil-mundo"],"_links":{"self":[{"href":"https:\/\/diarioregionaldigital.com.br\/index.php?rest_route=\/wp\/v2\/posts\/91949","targetHints":{"allow":["GET"]}}],"collection":[{"href":"https:\/\/diarioregionaldigital.com.br\/index.php?rest_route=\/wp\/v2\/posts"}],"about":[{"href":"https:\/\/diarioregionaldigital.com.br\/index.php?rest_route=\/wp\/v2\/types\/post"}],"author":[{"embeddable":true,"href":"https:\/\/diarioregionaldigital.com.br\/index.php?rest_route=\/wp\/v2\/users\/96"}],"replies":[{"embeddable":true,"href":"https:\/\/diarioregionaldigital.com.br\/index.php?rest_route=%2Fwp%2Fv2%2Fcomments&post=91949"}],"version-history":[{"count":0,"href":"https:\/\/diarioregionaldigital.com.br\/index.php?rest_route=\/wp\/v2\/posts\/91949\/revisions"}],"wp:featuredmedia":[{"embeddable":true,"href":"https:\/\/diarioregionaldigital.com.br\/index.php?rest_route=\/wp\/v2\/media\/91948"}],"wp:attachment":[{"href":"https:\/\/diarioregionaldigital.com.br\/index.php?rest_route=%2Fwp%2Fv2%2Fmedia&parent=91949"}],"wp:term":[{"taxonomy":"category","embeddable":true,"href":"https:\/\/diarioregionaldigital.com.br\/index.php?rest_route=%2Fwp%2Fv2%2Fcategories&post=91949"},{"taxonomy":"post_tag","embeddable":true,"href":"https:\/\/diarioregionaldigital.com.br\/index.php?rest_route=%2Fwp%2Fv2%2Ftags&post=91949"}],"curies":[{"name":"wp","href":"https:\/\/api.w.org\/{rel}","templated":true}]}}