{"id":91947,"date":"2018-02-16T18:01:42","date_gmt":"2018-02-16T20:01:42","guid":{"rendered":"http:\/\/diarioregionaljf.com.br\/2018\/02\/16\/tupi-encara-o-urt-pela-7-rodada-do-campeonato-mineiro\/"},"modified":"2018-02-16T18:01:42","modified_gmt":"2018-02-16T20:01:42","slug":"tupi-encara-o-urt-pela-7-rodada-do-campeonato-mineiro","status":"publish","type":"post","link":"https:\/\/diarioregionaldigital.com.br\/?p=91947","title":{"rendered":"Tupi encara o URT pela 7\u00aa Rodada do Campeonato Mineiro"},"content":{"rendered":"<p>A boa vit\u00f3ria contra o Patrocinense na \u00faltima sexta-feira, 9, no Est\u00e1dio Municipal Radialista M\u00e1rio Hel\u00eanio, animou os torcedores e tirou o Tupi da \u00faltima para a nona coloca\u00e7\u00e3o no Campeonato Mineiro de 2018. O objetivo agora \u00e9 aproveitar o embalo e pontuar diante da URT, domingo, dia 18, \u00e0s 16h, em Patos de Minas.&nbsp;<\/p>\n<p>Em seu primeiro desafio no comando t\u00e9cnico, Ricardo Le\u00e3o colocou um time leve e ofensivo em campo, com quatro jogadores com voca\u00e7\u00e3o para o ataque. Questionado se o desenho t\u00e1tico pode se repetir contra a URT fora de casa, Ricardo destacou que trata-se muito mais de uma quest\u00e3o de comprometimento dos atletas em campo do que do sistema adotado.<\/p>\n<p>&nbsp;\u201cA uma URT \u00e9 uma equipe muito organizada, observei os jogos deles no campeonato, equipe que sabe o que faz, tem qualidade. O que n\u00f3s temos que fazer l\u00e1 \u00e9 encarar o jogo com muita competitividade. Independente dos jogadores, da fun\u00e7\u00e3o, para quem entrar em campo ser bastante competitivo. L\u00f3gico que fizemos um bom jogo e tivemos entrega defensiva muito boa. Isso nos d\u00e1 uma luz que, independente do sistema, o comprometimento da equipe \u00e9 o mais importante. Vamos trabalhar a semana e ver qual vai ser a melhor forma\u00e7\u00e3o\u201d, concluiu.<\/p>\n<p>O t\u00e9cnico n\u00e3o deu pistas sobre a escala\u00e7\u00e3o.&nbsp;e a tend\u00eancia \u00e9 que, ainda sem Marcel, n\u00e3o regularizado, o Tupi atue com Vilar; Afonso, Mateus, Wellington e Patrick Brey; Leo Costa e Leo Salino; Vitinho, Tch\u00f4 e Kayser; Reis.<\/p>\n","protected":false},"excerpt":{"rendered":"<p>A boa vit\u00f3ria contra o Patrocinense na \u00faltima sexta-feira, 9, no Est\u00e1dio Municipal Radialista M\u00e1rio Hel\u00eanio, animou os torcedores e tirou o Tupi da \u00faltima para a nona coloca\u00e7\u00e3o no Campeonato Mineiro de 2018. O objetivo agora \u00e9 aproveitar o embalo e pontuar diante da URT, domingo, dia 18, \u00e0s 16h, em Patos de Minas.&nbsp; [&hellip;]<\/p>\n","protected":false},"author":96,"featured_media":91946,"comment_status":"closed","ping_status":"closed","sticky":false,"template":"","format":"standard","meta":{"footnotes":""},"categories":[257],"tags":[],"class_list":["post-91947","post","type-post","status-publish","format-standard","has-post-thumbnail","hentry","category-esporte"],"_links":{"self":[{"href":"https:\/\/diarioregionaldigital.com.br\/index.php?rest_route=\/wp\/v2\/posts\/91947","targetHints":{"allow":["GET"]}}],"collection":[{"href":"https:\/\/diarioregionaldigital.com.br\/index.php?rest_route=\/wp\/v2\/posts"}],"about":[{"href":"https:\/\/diarioregionaldigital.com.br\/index.php?rest_route=\/wp\/v2\/types\/post"}],"author":[{"embeddable":true,"href":"https:\/\/diarioregionaldigital.com.br\/index.php?rest_route=\/wp\/v2\/users\/96"}],"replies":[{"embeddable":true,"href":"https:\/\/diarioregionaldigital.com.br\/index.php?rest_route=%2Fwp%2Fv2%2Fcomments&post=91947"}],"version-history":[{"count":0,"href":"https:\/\/diarioregionaldigital.com.br\/index.php?rest_route=\/wp\/v2\/posts\/91947\/revisions"}],"wp:featuredmedia":[{"embeddable":true,"href":"https:\/\/diarioregionaldigital.com.br\/index.php?rest_route=\/wp\/v2\/media\/91946"}],"wp:attachment":[{"href":"https:\/\/diarioregionaldigital.com.br\/index.php?rest_route=%2Fwp%2Fv2%2Fmedia&parent=91947"}],"wp:term":[{"taxonomy":"category","embeddable":true,"href":"https:\/\/diarioregionaldigital.com.br\/index.php?rest_route=%2Fwp%2Fv2%2Fcategories&post=91947"},{"taxonomy":"post_tag","embeddable":true,"href":"https:\/\/diarioregionaldigital.com.br\/index.php?rest_route=%2Fwp%2Fv2%2Ftags&post=91947"}],"curies":[{"name":"wp","href":"https:\/\/api.w.org\/{rel}","templated":true}]}}