{"id":91945,"date":"2018-02-16T17:49:46","date_gmt":"2018-02-16T19:49:46","guid":{"rendered":"http:\/\/diarioregionaljf.com.br\/2018\/02\/16\/empresario-luso-brasileiro-acusado-na-lava-jato-e-solto-em-lisboa\/"},"modified":"2018-02-16T17:49:46","modified_gmt":"2018-02-16T19:49:46","slug":"empresario-luso-brasileiro-acusado-na-lava-jato-e-solto-em-lisboa","status":"publish","type":"post","link":"https:\/\/diarioregionaldigital.com.br\/?p=91945","title":{"rendered":"Empres\u00e1rio luso-brasileiro, acusado na Lava Jato, \u00e9 solto em Lisboa"},"content":{"rendered":"<p>O empres\u00e1rio luso-brasileiro Raul Schmidt, alvo de um processo de extradi\u00e7\u00e3o para o Brasil no \u00e2mbito da opera\u00e7\u00e3o Lava Jato, foi posto em liberdade nessa quinta-feira, 15, pelo Tribunal da Rela\u00e7\u00e3o de Lisboa. As informa\u00e7\u00f5es s\u00e3o da Ag\u00eancia Lusa.<\/p>\n<p>&#8220;O cidad\u00e3o portugu\u00eas de origem Raul Schmidt Filipe J\u00fanior foi posto em liberdade, na sequ\u00eancia de incidente suscitado pela sua defesa, com vista a que os tribunais portugueses n\u00e3o executem a sua extradi\u00e7\u00e3o para o Brasil sem antes apreciarem e decidirem se, enquanto nacional portugu\u00eas de origem, o mesmo pode ser extraditado para aquele pa\u00eds, que n\u00e3o extradita brasileiros de origem&#8221;, diz comunicado da defesa de Schmidt.<\/p>\n<p>Para os advogados do empres\u00e1rio, ele n\u00e3o pode ser extraditado por ter nacionalidade portuguesa de nascimento (nasceu neto de portugueses). Ainda de acordo com a defesa, Schmidt aguardar\u00e1 &#8220;serenamente em sua casa, em Lisboa, juntamente com a sua fam\u00edlia&#8221;, que os tribunais portugueses apreciem a quest\u00e3o.<\/p>\n<p>De acordo com a imprensa local, apesar de ter sido posto em liberdade, Schmidt teve seu passaporte apreendido e ter\u00e1 de se apresentar duas vezes por semana \u00e0s autoridades portuguesas.<\/p>\n<p>Na 13.\u00aa Vara Federal da Justi\u00e7a Federal, em Curitiba, h\u00e1 dois processos contra Schmidt por corrup\u00e7\u00e3o, organiza\u00e7\u00e3o criminosa e lavagem de dinheiro.<\/p>\n<p>Fonte: Ag\u00eancia Brasil<\/p>\n","protected":false},"excerpt":{"rendered":"<p>O empres\u00e1rio luso-brasileiro Raul Schmidt, alvo de um processo de extradi\u00e7\u00e3o para o Brasil no \u00e2mbito da opera\u00e7\u00e3o Lava Jato, foi posto em liberdade nessa quinta-feira, 15, pelo Tribunal da Rela\u00e7\u00e3o de Lisboa. As informa\u00e7\u00f5es s\u00e3o da Ag\u00eancia Lusa. &#8220;O cidad\u00e3o portugu\u00eas de origem Raul Schmidt Filipe J\u00fanior foi posto em liberdade, na sequ\u00eancia de [&hellip;]<\/p>\n","protected":false},"author":96,"featured_media":91944,"comment_status":"closed","ping_status":"closed","sticky":false,"template":"","format":"standard","meta":{"footnotes":""},"categories":[302],"tags":[],"class_list":["post-91945","post","type-post","status-publish","format-standard","has-post-thumbnail","hentry","category-brasil-mundo"],"_links":{"self":[{"href":"https:\/\/diarioregionaldigital.com.br\/index.php?rest_route=\/wp\/v2\/posts\/91945","targetHints":{"allow":["GET"]}}],"collection":[{"href":"https:\/\/diarioregionaldigital.com.br\/index.php?rest_route=\/wp\/v2\/posts"}],"about":[{"href":"https:\/\/diarioregionaldigital.com.br\/index.php?rest_route=\/wp\/v2\/types\/post"}],"author":[{"embeddable":true,"href":"https:\/\/diarioregionaldigital.com.br\/index.php?rest_route=\/wp\/v2\/users\/96"}],"replies":[{"embeddable":true,"href":"https:\/\/diarioregionaldigital.com.br\/index.php?rest_route=%2Fwp%2Fv2%2Fcomments&post=91945"}],"version-history":[{"count":0,"href":"https:\/\/diarioregionaldigital.com.br\/index.php?rest_route=\/wp\/v2\/posts\/91945\/revisions"}],"wp:featuredmedia":[{"embeddable":true,"href":"https:\/\/diarioregionaldigital.com.br\/index.php?rest_route=\/wp\/v2\/media\/91944"}],"wp:attachment":[{"href":"https:\/\/diarioregionaldigital.com.br\/index.php?rest_route=%2Fwp%2Fv2%2Fmedia&parent=91945"}],"wp:term":[{"taxonomy":"category","embeddable":true,"href":"https:\/\/diarioregionaldigital.com.br\/index.php?rest_route=%2Fwp%2Fv2%2Fcategories&post=91945"},{"taxonomy":"post_tag","embeddable":true,"href":"https:\/\/diarioregionaldigital.com.br\/index.php?rest_route=%2Fwp%2Fv2%2Ftags&post=91945"}],"curies":[{"name":"wp","href":"https:\/\/api.w.org\/{rel}","templated":true}]}}