{"id":91937,"date":"2018-02-16T17:11:33","date_gmt":"2018-02-16T19:11:33","guid":{"rendered":"http:\/\/diarioregionaljf.com.br\/2018\/02\/16\/jovem-gravida-e-encontrada-morta-em-visconde-do-rio-branco\/"},"modified":"2018-02-16T17:11:33","modified_gmt":"2018-02-16T19:11:33","slug":"jovem-gravida-e-encontrada-morta-em-visconde-do-rio-branco","status":"publish","type":"post","link":"https:\/\/diarioregionaldigital.com.br\/?p=91937","title":{"rendered":"Jovem gr\u00e1vida \u00e9 encontrada morta em Visconde do Rio Branco"},"content":{"rendered":"<p>Uma mulher gr\u00e1vida, de 20 anos de idade, foi morta a golpes de faca na tarde dessa quinta-feira, 15, em Visconde do Rio Branco. O principal suspeito do crime \u00e9 seu marido que est\u00e1 foragido, conforme informa\u00e7\u00f5es preliminares da Pol\u00edcia Militar (PM).<\/p>\n<p>O corpo de Lav\u00ednia Izabel Silva de Oliveira foi encontrada pelos policiais militares ap\u00f3s terem sido chamados por uma parente dela que estranhou o fato da jovem n\u00e3o ter aparecido como de costume, por volta das 10h45min, para irem juntas ao trabalho. Ao chegarem na resid\u00eancia da v\u00edtima os policiais encontraram o som ligado. Eles chamaram pelos moradores mas n\u00e3o foram atendidos e s\u00f3 entraram no im\u00f3vel ap\u00f3s serem autorizados pela propriet\u00e1ria da casa.<\/p>\n<p>Lav\u00ednia foi encontrada pelos policiais deitada em um dos quartos, aprentando ter sido esfaqueada na regi\u00e3o do pesco\u00e7o e sem vida. O local foi isolado e a per\u00edcia t\u00e9cnica acionada. O perito constatou 19 perfura\u00e7\u00f5es entre o pesco\u00e7o e o cr\u00e2nio. O corpo foi liberado em seguida e removido por uma funer\u00e1ria local. Uma faca com l\u00e2mina de aproximadamente quinze cent\u00edmetros de comprimento, que provavelmente teria sido utilizada para cometer o crime, foi encontrada pelos militares em um dos guarda roupas da casa com resqu\u00edcios de sangue. A arma foi apreendida.<\/p>\n<p>A Pol\u00edcia Militar revelou ap\u00f3s apura\u00e7\u00e3o preliminar que ela e o marido costumavam brigar com frequ\u00eancia e que ele, inclusive, a havia amea\u00e7ado de morte. O casal tamb\u00e9m teria terminado o relacionamento, mas reataram. A PM segue em busca do suspeito.<\/p>\n<p>Fonte: Site do Marcelo Lopes<\/p>\n","protected":false},"excerpt":{"rendered":"<p>Uma mulher gr\u00e1vida, de 20 anos de idade, foi morta a golpes de faca na tarde dessa quinta-feira, 15, em Visconde do Rio Branco. O principal suspeito do crime \u00e9 seu marido que est\u00e1 foragido, conforme informa\u00e7\u00f5es preliminares da Pol\u00edcia Militar (PM). O corpo de Lav\u00ednia Izabel Silva de Oliveira foi encontrada pelos policiais militares [&hellip;]<\/p>\n","protected":false},"author":96,"featured_media":91936,"comment_status":"closed","ping_status":"closed","sticky":false,"template":"","format":"standard","meta":{"footnotes":""},"categories":[252],"tags":[],"class_list":["post-91937","post","type-post","status-publish","format-standard","has-post-thumbnail","hentry","category-regiao"],"_links":{"self":[{"href":"https:\/\/diarioregionaldigital.com.br\/index.php?rest_route=\/wp\/v2\/posts\/91937","targetHints":{"allow":["GET"]}}],"collection":[{"href":"https:\/\/diarioregionaldigital.com.br\/index.php?rest_route=\/wp\/v2\/posts"}],"about":[{"href":"https:\/\/diarioregionaldigital.com.br\/index.php?rest_route=\/wp\/v2\/types\/post"}],"author":[{"embeddable":true,"href":"https:\/\/diarioregionaldigital.com.br\/index.php?rest_route=\/wp\/v2\/users\/96"}],"replies":[{"embeddable":true,"href":"https:\/\/diarioregionaldigital.com.br\/index.php?rest_route=%2Fwp%2Fv2%2Fcomments&post=91937"}],"version-history":[{"count":0,"href":"https:\/\/diarioregionaldigital.com.br\/index.php?rest_route=\/wp\/v2\/posts\/91937\/revisions"}],"wp:featuredmedia":[{"embeddable":true,"href":"https:\/\/diarioregionaldigital.com.br\/index.php?rest_route=\/wp\/v2\/media\/91936"}],"wp:attachment":[{"href":"https:\/\/diarioregionaldigital.com.br\/index.php?rest_route=%2Fwp%2Fv2%2Fmedia&parent=91937"}],"wp:term":[{"taxonomy":"category","embeddable":true,"href":"https:\/\/diarioregionaldigital.com.br\/index.php?rest_route=%2Fwp%2Fv2%2Fcategories&post=91937"},{"taxonomy":"post_tag","embeddable":true,"href":"https:\/\/diarioregionaldigital.com.br\/index.php?rest_route=%2Fwp%2Fv2%2Ftags&post=91937"}],"curies":[{"name":"wp","href":"https:\/\/api.w.org\/{rel}","templated":true}]}}