{"id":91935,"date":"2018-02-16T17:04:41","date_gmt":"2018-02-16T19:04:41","guid":{"rendered":"http:\/\/diarioregionaljf.com.br\/2018\/02\/16\/jf-volei-visita-o-lider-da-superliga-em-busca-de-recuperacao\/"},"modified":"2018-02-16T17:04:41","modified_gmt":"2018-02-16T19:04:41","slug":"jf-volei-visita-o-lider-da-superliga-em-busca-de-recuperacao","status":"publish","type":"post","link":"https:\/\/diarioregionaldigital.com.br\/?p=91935","title":{"rendered":"JF V\u00f4lei visita o l\u00edder da Superliga, em busca de recupera\u00e7\u00e3o"},"content":{"rendered":"<p>Faltando apenas seis rodadas para o fim da fase de classifica\u00e7\u00e3o, o momento \u00e9 de tentar tirar pontos do favorito, que tem apenas um ponto a mais que o segundo colocado Sesc-RJ.<\/p>\n<p>O confronto do l\u00edder da Superliga Masculina com um time que n\u00e3o consegue sair da areia movedi\u00e7a da zona de rebaixamento ser\u00e1 visto na noite desta sexta-feira, 16. \u00c0s 20h, o Sada Cruzeiro recebe no gin\u00e1sio do Riacho, em Contagem, o JF V\u00f4lei, que soma apenas duas vit\u00f3rias em 16 jogos. O time de Juiz-forano &nbsp;est\u00e1 a sete pontos do primeiro time fora da zona de rebaixamento e precisa somar pontos o quanto antes para tentar se livrar da queda para a segunda divis\u00e3o do v\u00f4lei nacional.<\/p>\n<p>Os dois times voltaram aos treinos ainda no in\u00edcio desta semana, retomando os trabalhos de olho nesta sexta rodada do returno. Com pouco a perder, o JF tratar\u00e1 de ir para cima do multicampe\u00e3o para tentar uma zebra hist\u00f3rica. O time da Zona da Mata nunca venceu o Sada Cruzeiro.<\/p>\n<p>\u201cEstaremos de peito aberto, encarando de frente e colocando nossas armas para atacar. Claro que vamos em busca da vit\u00f3ria. O comprometimento dos nossos jogadores \u00e9 algo para se respeitar demais, eles est\u00e3o vivendo uma experi\u00eancia incr\u00edvel. Nossa luta ser\u00e1 ainda maior contra um time que tem refer\u00eancias e v\u00e1rios dos nossos \u00eddolos, que tivemos o prazer de conviver com eles. A ideia \u00e9 jogar no nosso limite e fazer uma grande partida\u201d, sugere o t\u00e9cnico Henrique Furtado.<\/p>\n<p>Assim como ele, quase todo o elenco do JF foi emprestado pelo time do Sada. O per\u00edodo dentro do CT celeste fez Furtado conhecer bem as for\u00e7as que ser\u00e3o enfrentadas na noite desta sexta-feira. \u201cVamos encarar um grande advers\u00e1rio, um dos melhores times do mundo, comandado pelo melhor t\u00e9cnico do planeta. A comiss\u00e3o t\u00e9cnica deles \u00e9 muito estudiosa, mas temos que ter foco e serenidade em momentos como este. Sabemos bem da nossa realidade\u201d, completa o jovem treinador do JF V\u00f4lei.<\/p>\n","protected":false},"excerpt":{"rendered":"<p>Faltando apenas seis rodadas para o fim da fase de classifica\u00e7\u00e3o, o momento \u00e9 de tentar tirar pontos do favorito, que tem apenas um ponto a mais que o segundo colocado Sesc-RJ. O confronto do l\u00edder da Superliga Masculina com um time que n\u00e3o consegue sair da areia movedi\u00e7a da zona de rebaixamento ser\u00e1 visto [&hellip;]<\/p>\n","protected":false},"author":96,"featured_media":91934,"comment_status":"closed","ping_status":"closed","sticky":false,"template":"","format":"standard","meta":{"footnotes":""},"categories":[257],"tags":[],"class_list":["post-91935","post","type-post","status-publish","format-standard","has-post-thumbnail","hentry","category-esporte"],"_links":{"self":[{"href":"https:\/\/diarioregionaldigital.com.br\/index.php?rest_route=\/wp\/v2\/posts\/91935","targetHints":{"allow":["GET"]}}],"collection":[{"href":"https:\/\/diarioregionaldigital.com.br\/index.php?rest_route=\/wp\/v2\/posts"}],"about":[{"href":"https:\/\/diarioregionaldigital.com.br\/index.php?rest_route=\/wp\/v2\/types\/post"}],"author":[{"embeddable":true,"href":"https:\/\/diarioregionaldigital.com.br\/index.php?rest_route=\/wp\/v2\/users\/96"}],"replies":[{"embeddable":true,"href":"https:\/\/diarioregionaldigital.com.br\/index.php?rest_route=%2Fwp%2Fv2%2Fcomments&post=91935"}],"version-history":[{"count":0,"href":"https:\/\/diarioregionaldigital.com.br\/index.php?rest_route=\/wp\/v2\/posts\/91935\/revisions"}],"wp:featuredmedia":[{"embeddable":true,"href":"https:\/\/diarioregionaldigital.com.br\/index.php?rest_route=\/wp\/v2\/media\/91934"}],"wp:attachment":[{"href":"https:\/\/diarioregionaldigital.com.br\/index.php?rest_route=%2Fwp%2Fv2%2Fmedia&parent=91935"}],"wp:term":[{"taxonomy":"category","embeddable":true,"href":"https:\/\/diarioregionaldigital.com.br\/index.php?rest_route=%2Fwp%2Fv2%2Fcategories&post=91935"},{"taxonomy":"post_tag","embeddable":true,"href":"https:\/\/diarioregionaldigital.com.br\/index.php?rest_route=%2Fwp%2Fv2%2Ftags&post=91935"}],"curies":[{"name":"wp","href":"https:\/\/api.w.org\/{rel}","templated":true}]}}