{"id":91933,"date":"2018-02-16T16:56:51","date_gmt":"2018-02-16T18:56:51","guid":{"rendered":"http:\/\/diarioregionaljf.com.br\/2018\/02\/16\/br-116-ficara-interditada-por-2-horas-na-manha-deste-sabado-para-implosao-de-rochas\/"},"modified":"2018-02-16T16:56:51","modified_gmt":"2018-02-16T18:56:51","slug":"br-116-ficara-interditada-por-2-horas-na-manha-deste-sabado-para-implosao-de-rochas","status":"publish","type":"post","link":"https:\/\/diarioregionaldigital.com.br\/?p=91933","title":{"rendered":"BR-116 ficar\u00e1 interditada por 2 horas na manh\u00e3 deste s\u00e1bado para implos\u00e3o de rochas"},"content":{"rendered":"<p>Aten\u00e7\u00e3o motoristas! O km714 da BR-116, na Serra de Belvedere, ficar\u00e1 interditado por cerca de 2 horas na manh\u00e3 deste s\u00e1bado, 17, &nbsp;para a implos\u00e3o de rochas. A informa\u00e7\u00e3o foi confirmada pelo respons\u00e1vel pela 7\u00aa Delegacia da Pol\u00edcia Rodovi\u00e1ria Federal (PRF), Rodrigo Ladeira, em entrevista a R\u00e1dio Muria\u00e9.<\/p>\n<p>No dia 02 de dezembro do ano passado um grande deslizamento de rochas interditou a BR-116 e causou transtorno aos usu\u00e1rios de uma das rodovias mais importantes do pa\u00eds. Uma semana depois a rodovia foi parcialmente desobstru\u00edda e desde ent\u00e3o o tr\u00e2nsito flui em meia pista.<\/p>\n<p>Amanh\u00e3, ser\u00e1 feita mais uma etapa do processo que tem como finalidade a libera\u00e7\u00e3o total da rodovia. Os trabalhos come\u00e7ar\u00e3o por volta das 9h e podem durar at\u00e9 2 horas, segundo o policial rodovi\u00e1rio federal.<\/p>\n<p>A recomenda\u00e7\u00e3o da PRF \u00e9 que o motorista evita trafegar pelo trecho neste per\u00edodo.<\/p>\n<h4>&nbsp;<\/h4>\n<h4>ROTA ALTERNATIVA<\/h4>\n<p>Ainda segundo a PRF, o motorista de ve\u00edculos leves que precisar viajar neste hor\u00e1rio ter\u00e1 a alternativa de passar pela MGC-265 em dire\u00e7\u00e3o a Mira\u00ed, depois passar em Cataguases e seguir para a Leopoldina onde retornar\u00e1 a BR-116.<\/p>\n<p>Ladeira destacou que os condutores de ve\u00edculos pesados n\u00e3o poder\u00e3o utilizar esta rota e dever\u00e3o aguardar a libera\u00e7\u00e3o da rodovia na BR-116.<\/p>\n<p>Fonte: R\u00e1dio Muria\u00e9<\/p>\n","protected":false},"excerpt":{"rendered":"<p>Aten\u00e7\u00e3o motoristas! O km714 da BR-116, na Serra de Belvedere, ficar\u00e1 interditado por cerca de 2 horas na manh\u00e3 deste s\u00e1bado, 17, &nbsp;para a implos\u00e3o de rochas. A informa\u00e7\u00e3o foi confirmada pelo respons\u00e1vel pela 7\u00aa Delegacia da Pol\u00edcia Rodovi\u00e1ria Federal (PRF), Rodrigo Ladeira, em entrevista a R\u00e1dio Muria\u00e9. No dia 02 de dezembro do ano [&hellip;]<\/p>\n","protected":false},"author":96,"featured_media":91932,"comment_status":"closed","ping_status":"closed","sticky":false,"template":"","format":"standard","meta":{"footnotes":""},"categories":[252],"tags":[],"class_list":["post-91933","post","type-post","status-publish","format-standard","has-post-thumbnail","hentry","category-regiao"],"_links":{"self":[{"href":"https:\/\/diarioregionaldigital.com.br\/index.php?rest_route=\/wp\/v2\/posts\/91933","targetHints":{"allow":["GET"]}}],"collection":[{"href":"https:\/\/diarioregionaldigital.com.br\/index.php?rest_route=\/wp\/v2\/posts"}],"about":[{"href":"https:\/\/diarioregionaldigital.com.br\/index.php?rest_route=\/wp\/v2\/types\/post"}],"author":[{"embeddable":true,"href":"https:\/\/diarioregionaldigital.com.br\/index.php?rest_route=\/wp\/v2\/users\/96"}],"replies":[{"embeddable":true,"href":"https:\/\/diarioregionaldigital.com.br\/index.php?rest_route=%2Fwp%2Fv2%2Fcomments&post=91933"}],"version-history":[{"count":0,"href":"https:\/\/diarioregionaldigital.com.br\/index.php?rest_route=\/wp\/v2\/posts\/91933\/revisions"}],"wp:featuredmedia":[{"embeddable":true,"href":"https:\/\/diarioregionaldigital.com.br\/index.php?rest_route=\/wp\/v2\/media\/91932"}],"wp:attachment":[{"href":"https:\/\/diarioregionaldigital.com.br\/index.php?rest_route=%2Fwp%2Fv2%2Fmedia&parent=91933"}],"wp:term":[{"taxonomy":"category","embeddable":true,"href":"https:\/\/diarioregionaldigital.com.br\/index.php?rest_route=%2Fwp%2Fv2%2Fcategories&post=91933"},{"taxonomy":"post_tag","embeddable":true,"href":"https:\/\/diarioregionaldigital.com.br\/index.php?rest_route=%2Fwp%2Fv2%2Ftags&post=91933"}],"curies":[{"name":"wp","href":"https:\/\/api.w.org\/{rel}","templated":true}]}}