{"id":91931,"date":"2018-02-16T16:14:42","date_gmt":"2018-02-16T18:14:42","guid":{"rendered":"http:\/\/diarioregionaljf.com.br\/2018\/02\/16\/intervencao-no-rio-altera-tramitacao-da-reforma-da-previdencia-na-camara\/"},"modified":"2018-02-16T16:14:42","modified_gmt":"2018-02-16T18:14:42","slug":"intervencao-no-rio-altera-tramitacao-da-reforma-da-previdencia-na-camara","status":"publish","type":"post","link":"https:\/\/diarioregionaldigital.com.br\/?p=91931","title":{"rendered":"Interven\u00e7\u00e3o no Rio altera tramita\u00e7\u00e3o da reforma da Previd\u00eancia na C\u00e2mara"},"content":{"rendered":"<p>O presidente da C\u00e2mara, Rodrigo Maia (DEM-RJ), disse hoje (16) que a vota\u00e7\u00e3o, pelo plen\u00e1rio da C\u00e2mara dos Deputados, na pr\u00f3xima semana, do decreto de interven\u00e7\u00e3o federal na seguran\u00e7a p\u00fablica no Rio de Janeiro, alterar\u00e1 a tramita\u00e7\u00e3o da Proposta de Emenda \u00e0 Constitui\u00e7\u00e3o (PEC) que trata da reforma da Previd\u00eancia na Casa.<\/p>\n<p>A decis\u00e3o de nomear um interventor para o estado foi tomada nesta sexta-feira (16) pelo presidente Michel Temer, ap\u00f3s uma reuni\u00e3o ontem \u00e0 noite no Pal\u00e1cio do Alvorada.<\/p>\n<p>\u201cEssa determina\u00e7\u00e3o inviabiliza a vota\u00e7\u00e3o da PEC da Previd\u00eancia na pr\u00f3xima semana\u201d, frisou Maia. Isto porque, de acordo com a Constitui\u00e7\u00e3o, o decreto de interven\u00e7\u00e3o especifica o prazo, as condi\u00e7\u00f5es de sua execu\u00e7\u00e3o e estabelece que o texto deve ser apreciado pelo Congresso Nacional depois de 24 horas de sua publica\u00e7\u00e3o, o que pode ocorrer ainda hoje. A Constitui\u00e7\u00e3o determina ainda que na vig\u00eancia de interven\u00e7\u00e3o federal, de estado de defesa ou de estado de s\u00edtio, n\u00e3o poder\u00e1 haver aprecia\u00e7\u00e3o de emendas constitucionais.<\/p>\n<p><span style=\"font-size: 18pt;\">Previs\u00f5es<\/span><\/p>\n<p>A discuss\u00e3o da Pec que altera as regras de acesso \u00e0 aposentadoria estava prevista para ter in\u00edcio na pr\u00f3xima ter\u00e7a-feira (20). \u00c0s v\u00e9speras do cronograma, contudo, a base governista ainda n\u00e3o conseguiu reunir o m\u00ednimo de 308 votos necess\u00e1rios para aprovar a reforma.<\/p>\n<p>Maia admitiu, no entanto, que as negocia\u00e7\u00f5es em defesa da necessidade da reforma da Previd\u00eancia devem continuar e reafirmou que o prazo final para votar a proposta \u00e9 fevereiro. Na pr\u00f3xima segunda (19), ele deve se reunir com governadores para construir um ambiente de di\u00e1logo sobre v\u00e1rias quest\u00f5es, entre elas a Previd\u00eancia, para resolver as restri\u00e7\u00f5es or\u00e7ament\u00e1rias dos estados.<\/p>\n<p>O ministro da Secretaria de Governo, Carlos Marun, havia afirmado ontem (15) que o in\u00edcio da discuss\u00e3o sobre a reforma da Previd\u00eancia estava mantido para a pr\u00f3xima ter\u00e7a-feira (20) no plen\u00e1rio da C\u00e2mara. Depois de se reunir com o presidente da Casa, Rodrigo Maia (DEM-RJ), na resid\u00eancia oficial, Marun disse que sentiu confian\u00e7a de que a mat\u00e9ria poder\u00e1 ser pautada semana que vem, mesmo sem ter alcan\u00e7ado o m\u00ednimo de 308 votos para aprova\u00e7\u00e3o.<\/p>\n<p><span style=\"font-size: 18pt;\">Detalhes<\/span><\/p>\n<p>Ao longo da manh\u00e3 de hoje o presidente Michel Temer e assessores acertam os detalhes do decreto de interven\u00e7\u00e3o na seguran\u00e7a p\u00fablica do Rio de Janeiro. A expectativa \u00e9 que o an\u00fancio oficial da interven\u00e7\u00e3o seja feito no in\u00edcio da tarde, no Pal\u00e1cio do Planalto.<\/p>\n<p>Fonte: Ag\u00eancia Brasil<\/p>\n","protected":false},"excerpt":{"rendered":"<p>O presidente da C\u00e2mara, Rodrigo Maia (DEM-RJ), disse hoje (16) que a vota\u00e7\u00e3o, pelo plen\u00e1rio da C\u00e2mara dos Deputados, na pr\u00f3xima semana, do decreto de interven\u00e7\u00e3o federal na seguran\u00e7a p\u00fablica no Rio de Janeiro, alterar\u00e1 a tramita\u00e7\u00e3o da Proposta de Emenda \u00e0 Constitui\u00e7\u00e3o (PEC) que trata da reforma da Previd\u00eancia na Casa. A decis\u00e3o de [&hellip;]<\/p>\n","protected":false},"author":96,"featured_media":91930,"comment_status":"closed","ping_status":"closed","sticky":false,"template":"","format":"standard","meta":{"footnotes":""},"categories":[254],"tags":[],"class_list":["post-91931","post","type-post","status-publish","format-standard","has-post-thumbnail","hentry","category-politica"],"_links":{"self":[{"href":"https:\/\/diarioregionaldigital.com.br\/index.php?rest_route=\/wp\/v2\/posts\/91931","targetHints":{"allow":["GET"]}}],"collection":[{"href":"https:\/\/diarioregionaldigital.com.br\/index.php?rest_route=\/wp\/v2\/posts"}],"about":[{"href":"https:\/\/diarioregionaldigital.com.br\/index.php?rest_route=\/wp\/v2\/types\/post"}],"author":[{"embeddable":true,"href":"https:\/\/diarioregionaldigital.com.br\/index.php?rest_route=\/wp\/v2\/users\/96"}],"replies":[{"embeddable":true,"href":"https:\/\/diarioregionaldigital.com.br\/index.php?rest_route=%2Fwp%2Fv2%2Fcomments&post=91931"}],"version-history":[{"count":0,"href":"https:\/\/diarioregionaldigital.com.br\/index.php?rest_route=\/wp\/v2\/posts\/91931\/revisions"}],"wp:featuredmedia":[{"embeddable":true,"href":"https:\/\/diarioregionaldigital.com.br\/index.php?rest_route=\/wp\/v2\/media\/91930"}],"wp:attachment":[{"href":"https:\/\/diarioregionaldigital.com.br\/index.php?rest_route=%2Fwp%2Fv2%2Fmedia&parent=91931"}],"wp:term":[{"taxonomy":"category","embeddable":true,"href":"https:\/\/diarioregionaldigital.com.br\/index.php?rest_route=%2Fwp%2Fv2%2Fcategories&post=91931"},{"taxonomy":"post_tag","embeddable":true,"href":"https:\/\/diarioregionaldigital.com.br\/index.php?rest_route=%2Fwp%2Fv2%2Ftags&post=91931"}],"curies":[{"name":"wp","href":"https:\/\/api.w.org\/{rel}","templated":true}]}}