{"id":91929,"date":"2018-02-16T16:09:13","date_gmt":"2018-02-16T18:09:13","guid":{"rendered":"http:\/\/diarioregionaljf.com.br\/2018\/02\/16\/tarde-com-atividades-gratuitas-na-praca-ceu\/"},"modified":"2018-02-16T16:09:13","modified_gmt":"2018-02-16T18:09:13","slug":"tarde-com-atividades-gratuitas-na-praca-ceu","status":"publish","type":"post","link":"https:\/\/diarioregionaldigital.com.br\/?p=91929","title":{"rendered":"Tarde com atividades gratuitas na Pra\u00e7a CEU"},"content":{"rendered":"<p>Pintura facial, conta\u00e7\u00e3o de hist\u00f3rias, dan\u00e7as e outras apresenta\u00e7\u00f5es art\u00edsticas est\u00e3o entre as atra\u00e7\u00f5es da \u201cTarde de Alegria\u201d, que acontece neste s\u00e1bado, 17, das 15 \u00e0s 17 horas, no Centro de Artes e Esportes Unificados \u201cCoronel Adelmir Romualdo de Oliveira\u201d (Pra\u00e7a CEU). A a\u00e7\u00e3o tem entrada franca e \u00e9 promovida pelo projeto \u201cBeleza Interior\u201d, ligado ao Concurso Miss e Mister Juiz de Fora 2018 &#8211; Teen e Adulto.<\/p>\n<p> Conforme o respons\u00e1vel pela iniciativa, Thony Jefferson Martins, a ideia \u00e9 que os candidatos aos t\u00edtulos de Miss e Mister Juiz de Fora exercitem a solidariedade, mostrando que a beleza n\u00e3o se limita a atributos f\u00edsicos, mas tamb\u00e9m pode ser encontrada nos valores sociais e espirituais.<\/p>\n<p> As atividades da \u201cTarde de Lazer\u201d ser\u00e3o desenvolvidas na quadra de esportes da Pra\u00e7a CEU, que fica na Avenida Juscelino Kubitschek, 5.899 \u2013 Benfica. N\u00e3o \u00e9 necess\u00e1rio fazer inscri\u00e7\u00e3o para participar das brincadeiras.<\/p>\n","protected":false},"excerpt":{"rendered":"<p>Pintura facial, conta\u00e7\u00e3o de hist\u00f3rias, dan\u00e7as e outras apresenta\u00e7\u00f5es art\u00edsticas est\u00e3o entre as atra\u00e7\u00f5es da \u201cTarde de Alegria\u201d, que acontece neste s\u00e1bado, 17, das 15 \u00e0s 17 horas, no Centro de Artes e Esportes Unificados \u201cCoronel Adelmir Romualdo de Oliveira\u201d (Pra\u00e7a CEU). A a\u00e7\u00e3o tem entrada franca e \u00e9 promovida pelo projeto \u201cBeleza Interior\u201d, ligado [&hellip;]<\/p>\n","protected":false},"author":96,"featured_media":91928,"comment_status":"closed","ping_status":"closed","sticky":false,"template":"","format":"standard","meta":{"footnotes":""},"categories":[257],"tags":[],"class_list":["post-91929","post","type-post","status-publish","format-standard","has-post-thumbnail","hentry","category-esporte"],"_links":{"self":[{"href":"https:\/\/diarioregionaldigital.com.br\/index.php?rest_route=\/wp\/v2\/posts\/91929","targetHints":{"allow":["GET"]}}],"collection":[{"href":"https:\/\/diarioregionaldigital.com.br\/index.php?rest_route=\/wp\/v2\/posts"}],"about":[{"href":"https:\/\/diarioregionaldigital.com.br\/index.php?rest_route=\/wp\/v2\/types\/post"}],"author":[{"embeddable":true,"href":"https:\/\/diarioregionaldigital.com.br\/index.php?rest_route=\/wp\/v2\/users\/96"}],"replies":[{"embeddable":true,"href":"https:\/\/diarioregionaldigital.com.br\/index.php?rest_route=%2Fwp%2Fv2%2Fcomments&post=91929"}],"version-history":[{"count":0,"href":"https:\/\/diarioregionaldigital.com.br\/index.php?rest_route=\/wp\/v2\/posts\/91929\/revisions"}],"wp:featuredmedia":[{"embeddable":true,"href":"https:\/\/diarioregionaldigital.com.br\/index.php?rest_route=\/wp\/v2\/media\/91928"}],"wp:attachment":[{"href":"https:\/\/diarioregionaldigital.com.br\/index.php?rest_route=%2Fwp%2Fv2%2Fmedia&parent=91929"}],"wp:term":[{"taxonomy":"category","embeddable":true,"href":"https:\/\/diarioregionaldigital.com.br\/index.php?rest_route=%2Fwp%2Fv2%2Fcategories&post=91929"},{"taxonomy":"post_tag","embeddable":true,"href":"https:\/\/diarioregionaldigital.com.br\/index.php?rest_route=%2Fwp%2Fv2%2Ftags&post=91929"}],"curies":[{"name":"wp","href":"https:\/\/api.w.org\/{rel}","templated":true}]}}