{"id":91927,"date":"2018-02-16T15:50:27","date_gmt":"2018-02-16T17:50:27","guid":{"rendered":"http:\/\/diarioregionaljf.com.br\/2018\/02\/16\/economia-com-o-horario-de-verao-em-minas-e-suficiente-para-atender-juiz-de-fora-e-sete-lagoas\/"},"modified":"2018-02-16T15:50:27","modified_gmt":"2018-02-16T17:50:27","slug":"economia-com-o-horario-de-verao-em-minas-e-suficiente-para-atender-juiz-de-fora-e-sete-lagoas","status":"publish","type":"post","link":"https:\/\/diarioregionaldigital.com.br\/?p=91927","title":{"rendered":"Economia com o Hor\u00e1rio de Ver\u00e3o em Minas \u00e9 suficiente para atender Juiz de Fora e Sete Lagoas"},"content":{"rendered":"<p>O Hor\u00e1rio de Ver\u00e3o termina neste domingo, 18, a partir da zero hora, quando os rel\u00f3gios das regi\u00f5es Sudeste, Sul e Centro-Oeste ser\u00e3o atrasados em uma hora.<\/p>\n<p>Durante os 126 dias de vig\u00eancia da medida, a Cemig registrou uma redu\u00e7\u00e3o di\u00e1ria de 4% na demanda do hor\u00e1rio de ponta ou 350 megawatts. Essa economia \u00e9 suficiente para atender, durante todo o per\u00edodo do Hor\u00e1rio de Ver\u00e3o, o pico de carga de uma cidade de 800 mil habitantes, equivalente \u00e0 soma das cidades de Juiz de Fora e Sete Lagoas.<\/p>\n<p>Em termos gerais, a Cemig registrou redu\u00e7\u00e3o no consumo de energia de 0,5% em Minas Gerais, o que significa uma economia de 108.000 megawatts-hora. Essa energia seria suficiente para abastecer Belo Horizonte, com mais de 2 milh\u00f5es de habitantes, durante nove dias.<\/p>\n<p>De acordo com o engenheiro de planejamento energ\u00e9tico da Cemig, Wilson Fernandes Lage, o objetivo do hor\u00e1rio diferenciado \u00e9 que a popula\u00e7\u00e3o aproveite a ilumina\u00e7\u00e3o natural mais longa \u2013 caracter\u00edstica da esta\u00e7\u00e3o \u2013 e reduza a demanda energ\u00e9tica no hor\u00e1rio de pico, das 18h \u00e0s 21h.<\/p>\n<p>\u201cA redu\u00e7\u00e3o da demanda m\u00e1xima no sistema \u00e9 o maior benef\u00edcio do Hor\u00e1rio de Ver\u00e3o, porque alivia o carregamento nas linhas de transmiss\u00e3o, transformadores, sistemas de distribui\u00e7\u00e3o e unidades geradoras de energia, aumentando a confiabilidade e a seguran\u00e7a da opera\u00e7\u00e3o do sistema el\u00e9trico, reduzindo o risco de ocorr\u00eancia de desligamentos no Sistema Interligado Nacional\u201d, explica Wilson Lage.<\/p>\n<p>Ainda segundo o engenheiro, a economia percebida pelos consumidores residenciais e comerciais se refere a menor utiliza\u00e7\u00e3o da ilumina\u00e7\u00e3o artificial. Se n\u00e3o houvesse o Hor\u00e1rio de Ver\u00e3o, os consumidores poderiam ter um acr\u00e9scimo de 4% no consumo de energia com a ilumina\u00e7\u00e3o artificial.<\/p>\n<p><span style=\"font-size: 18pt;\">Pr\u00f3ximo Hor\u00e1rio de Ver\u00e3o ser\u00e1 menor<\/span><\/p>\n<p>Atendendo a um pedido do Tribunal Superior Eleitoral (TSE), o governo federal alterou o per\u00edodo de vig\u00eancia do Hor\u00e1rio de Ver\u00e3o por meio do Decreto n\u00ba 9.242\/2017. O objetivo dessa mudan\u00e7a \u00e9 evitar atrasos na apura\u00e7\u00e3o e na divulga\u00e7\u00e3o dos resultados do segundo turno das elei\u00e7\u00f5es. Essa altera\u00e7\u00e3o acontecer\u00e1 a partir do Hor\u00e1rio de Ver\u00e3o 2018\/2019.<\/p>\n<p>Dessa forma, o in\u00edcio do Hor\u00e1rio de Ver\u00e3o passa a ser no primeiro domingo de novembro de cada ano, em vez do terceiro domingo de outubro como foi no ano passado, mantendo o t\u00e9rmino do per\u00edodo no terceiro domingo de fevereiro do ano seguinte, exceto quando coincidir com o carnaval, como \u00e9 atualmente.<\/p>\n<p><span style=\"font-size: 18pt;\">Objetivos e Benef\u00edcios<\/span><\/p>\n<p>O principal objetivo do Hor\u00e1rio de Ver\u00e3o \u00e9 a redu\u00e7\u00e3o da demanda m\u00e1xima durante o hor\u00e1rio de pico de consumo do sistema el\u00e9trico brasileiro, que ocorre diariamente no per\u00edodo das 18h \u00e0s 21h.<\/p>\n<p>Esta redu\u00e7\u00e3o neste hor\u00e1rio, aliada ao aumento de consumo de outras cargas devido \u00e0s altas temperaturas observadas no per\u00edodo de ver\u00e3o (equipamentos de alta pot\u00eancia como ar-condicionado, climatizador de ar, ventiladores, dentre outros) podem fazer com que o hor\u00e1rio de pico se transfira para a parte da tarde. Ainda assim permanece o benef\u00edcio do hor\u00e1rio de ver\u00e3o ao evitar a ocorr\u00eancia de um segundo e maior pico di\u00e1rio de consumo.<\/p>\n<p>Os principais benef\u00edcios desta redu\u00e7\u00e3o de demanda no hor\u00e1rio de ponta, al\u00e9m da redu\u00e7\u00e3o dos investimentos no sistema el\u00e9trico, s\u00e3o o aumento da seguran\u00e7a operacional, decorrente da diminui\u00e7\u00e3o dos carregamentos nas redes de transmiss\u00e3o e distribui\u00e7\u00e3o, maior flexibilidade operativa para realiza\u00e7\u00e3o de manuten\u00e7\u00f5es, redu\u00e7\u00e3o de cortes de carga em situa\u00e7\u00f5es de emerg\u00eancia no sistema el\u00e9trico e a redu\u00e7\u00e3o dos custos de opera\u00e7\u00e3o do Sistema Interligado Nacional.<\/p>\n<p>Fonte: Ag\u00eancia Minas<\/p>\n","protected":false},"excerpt":{"rendered":"<p>O Hor\u00e1rio de Ver\u00e3o termina neste domingo, 18, a partir da zero hora, quando os rel\u00f3gios das regi\u00f5es Sudeste, Sul e Centro-Oeste ser\u00e3o atrasados em uma hora. Durante os 126 dias de vig\u00eancia da medida, a Cemig registrou uma redu\u00e7\u00e3o di\u00e1ria de 4% na demanda do hor\u00e1rio de ponta ou 350 megawatts. Essa economia \u00e9 [&hellip;]<\/p>\n","protected":false},"author":96,"featured_media":91926,"comment_status":"closed","ping_status":"closed","sticky":false,"template":"","format":"standard","meta":{"footnotes":""},"categories":[252],"tags":[],"class_list":["post-91927","post","type-post","status-publish","format-standard","has-post-thumbnail","hentry","category-regiao"],"_links":{"self":[{"href":"https:\/\/diarioregionaldigital.com.br\/index.php?rest_route=\/wp\/v2\/posts\/91927","targetHints":{"allow":["GET"]}}],"collection":[{"href":"https:\/\/diarioregionaldigital.com.br\/index.php?rest_route=\/wp\/v2\/posts"}],"about":[{"href":"https:\/\/diarioregionaldigital.com.br\/index.php?rest_route=\/wp\/v2\/types\/post"}],"author":[{"embeddable":true,"href":"https:\/\/diarioregionaldigital.com.br\/index.php?rest_route=\/wp\/v2\/users\/96"}],"replies":[{"embeddable":true,"href":"https:\/\/diarioregionaldigital.com.br\/index.php?rest_route=%2Fwp%2Fv2%2Fcomments&post=91927"}],"version-history":[{"count":0,"href":"https:\/\/diarioregionaldigital.com.br\/index.php?rest_route=\/wp\/v2\/posts\/91927\/revisions"}],"wp:featuredmedia":[{"embeddable":true,"href":"https:\/\/diarioregionaldigital.com.br\/index.php?rest_route=\/wp\/v2\/media\/91926"}],"wp:attachment":[{"href":"https:\/\/diarioregionaldigital.com.br\/index.php?rest_route=%2Fwp%2Fv2%2Fmedia&parent=91927"}],"wp:term":[{"taxonomy":"category","embeddable":true,"href":"https:\/\/diarioregionaldigital.com.br\/index.php?rest_route=%2Fwp%2Fv2%2Fcategories&post=91927"},{"taxonomy":"post_tag","embeddable":true,"href":"https:\/\/diarioregionaldigital.com.br\/index.php?rest_route=%2Fwp%2Fv2%2Ftags&post=91927"}],"curies":[{"name":"wp","href":"https:\/\/api.w.org\/{rel}","templated":true}]}}