{"id":91925,"date":"2018-02-16T15:45:30","date_gmt":"2018-02-16T17:45:30","guid":{"rendered":"http:\/\/diarioregionaljf.com.br\/2018\/02\/16\/temer-assina-decreto-de-intervencao-das-forcas-armadas-na-seguranca-do-rio\/"},"modified":"2018-02-16T15:45:30","modified_gmt":"2018-02-16T17:45:30","slug":"temer-assina-decreto-de-intervencao-das-forcas-armadas-na-seguranca-do-rio","status":"publish","type":"post","link":"https:\/\/diarioregionaldigital.com.br\/?p=91925","title":{"rendered":"Temer assina decreto de interven\u00e7\u00e3o das For\u00e7as Armadas na seguran\u00e7a do Rio"},"content":{"rendered":"<p>Ao longo da manh\u00e3 de hoje (16) o presidente Michel Temer e assessores acertam os detalhes do decreto de interven\u00e7\u00e3o na seguran\u00e7a p\u00fablica do estado do Rio de Janeiro. O decreto ser\u00e1 assinado pelo presidente Temer no in\u00edcio da tarde, no Pal\u00e1cio do Planalto, de acordo com a Secretaria de Imprensa da Presid\u00eancia da Rep\u00fablica.<\/p>\n<p>O presidente Temer far\u00e1 \u00e0s 20h30 um pronunciamento em cadeia nacional de r\u00e1dio e TV para explicar \u00e0 popula\u00e7\u00e3o os motivos que levaram \u00e0 interven\u00e7\u00e3o no Rio de Janeiro e detalhes do decreto.<\/p>\n<p>O governador do Rio de Janeiro, Luiz Fernando Pez\u00e3o, retorna do Rio de Janeiro para Bras\u00edlia para participar de reuni\u00e3o no Planalto que deve ter tamb\u00e9m a presen\u00e7a de ministros e parlamentares.<\/p>\n<p>Desde o in\u00edcio desta manh\u00e3, a c\u00fapula do Ex\u00e9rcito est\u00e1 reunida em Bras\u00edlia discutindo detalhes da interven\u00e7\u00e3o. Com a medida, o comando das for\u00e7as de seguran\u00e7a p\u00fablica do Rio de Janeiro ficar\u00e1 a cargo do Ex\u00e9rcito. Entre os participantes da reuni\u00e3o est\u00e1 o comandante militar do Leste, general Walter Souza Braga Netto, convocado \u00e0s pressas pelo comandante do Ex\u00e9rcito, general Eduardo Dias da Costa Villas B\u00f4as.<\/p>\n<p>Na noite de ontem (15), Temer recebeu Pez\u00e3o no Pal\u00e1cio do Jaburu, al\u00e9m de ministros das \u00e1reas de pol\u00edtica e de seguran\u00e7a e os presidentes da C\u00e2mara, Rodrigo Maia, e do Senado, Eun\u00edcio Oliveira. Na reuni\u00e3o, que durou quase cinco horas, foi discutida a interven\u00e7\u00e3o na seguran\u00e7a p\u00fablica do Rio de Janeiro e a cria\u00e7\u00e3o do Minist\u00e9rio da Seguran\u00e7a P\u00fablica.<\/p>\n<p>Mais cedo, Rodrigo Maia confirmou, em entrevista a jornalistas, a interven\u00e7\u00e3o do governo federal na seguran\u00e7a do Rio de Janeiro. Segundo ele, o decreto ir\u00e1 direto ao plen\u00e1rio da C\u00e2mara e pode ser votado na segunda-feira (19) \u00e0 noite ou na ter\u00e7a-feira de manh\u00e3. Em seguida, ser\u00e1 apreciado pelos senadores.<\/p>\n<p>Fonte: Ag\u00eancia Brasil<\/p>\n","protected":false},"excerpt":{"rendered":"<p>Ao longo da manh\u00e3 de hoje (16) o presidente Michel Temer e assessores acertam os detalhes do decreto de interven\u00e7\u00e3o na seguran\u00e7a p\u00fablica do estado do Rio de Janeiro. O decreto ser\u00e1 assinado pelo presidente Temer no in\u00edcio da tarde, no Pal\u00e1cio do Planalto, de acordo com a Secretaria de Imprensa da Presid\u00eancia da Rep\u00fablica. [&hellip;]<\/p>\n","protected":false},"author":96,"featured_media":91924,"comment_status":"closed","ping_status":"closed","sticky":false,"template":"","format":"standard","meta":{"footnotes":""},"categories":[254],"tags":[],"class_list":["post-91925","post","type-post","status-publish","format-standard","has-post-thumbnail","hentry","category-politica"],"_links":{"self":[{"href":"https:\/\/diarioregionaldigital.com.br\/index.php?rest_route=\/wp\/v2\/posts\/91925","targetHints":{"allow":["GET"]}}],"collection":[{"href":"https:\/\/diarioregionaldigital.com.br\/index.php?rest_route=\/wp\/v2\/posts"}],"about":[{"href":"https:\/\/diarioregionaldigital.com.br\/index.php?rest_route=\/wp\/v2\/types\/post"}],"author":[{"embeddable":true,"href":"https:\/\/diarioregionaldigital.com.br\/index.php?rest_route=\/wp\/v2\/users\/96"}],"replies":[{"embeddable":true,"href":"https:\/\/diarioregionaldigital.com.br\/index.php?rest_route=%2Fwp%2Fv2%2Fcomments&post=91925"}],"version-history":[{"count":0,"href":"https:\/\/diarioregionaldigital.com.br\/index.php?rest_route=\/wp\/v2\/posts\/91925\/revisions"}],"wp:featuredmedia":[{"embeddable":true,"href":"https:\/\/diarioregionaldigital.com.br\/index.php?rest_route=\/wp\/v2\/media\/91924"}],"wp:attachment":[{"href":"https:\/\/diarioregionaldigital.com.br\/index.php?rest_route=%2Fwp%2Fv2%2Fmedia&parent=91925"}],"wp:term":[{"taxonomy":"category","embeddable":true,"href":"https:\/\/diarioregionaldigital.com.br\/index.php?rest_route=%2Fwp%2Fv2%2Fcategories&post=91925"},{"taxonomy":"post_tag","embeddable":true,"href":"https:\/\/diarioregionaldigital.com.br\/index.php?rest_route=%2Fwp%2Fv2%2Ftags&post=91925"}],"curies":[{"name":"wp","href":"https:\/\/api.w.org\/{rel}","templated":true}]}}