{"id":91923,"date":"2018-02-16T15:38:42","date_gmt":"2018-02-16T17:38:42","guid":{"rendered":"http:\/\/diarioregionaljf.com.br\/2018\/02\/16\/jovem-e-assaltado-por-individuo-que-fingia-perguntar-as-horas\/"},"modified":"2018-02-16T15:38:42","modified_gmt":"2018-02-16T17:38:42","slug":"jovem-e-assaltado-por-individuo-que-fingia-perguntar-as-horas","status":"publish","type":"post","link":"https:\/\/diarioregionaldigital.com.br\/?p=91923","title":{"rendered":"Jovem \u00e9 assaltado por indiv\u00edduo que fingia perguntar as horas"},"content":{"rendered":"<p>Um jovem de 22 anos foi assaltado nesta quinta-feira, 15, no bairro Nossa Senhora Aparecida, localizado na zona Leste da cidade.<\/p>\n<p>De acordo com o registro de ocorr\u00eancias da Pol\u00edcia Militar (PM), o jovem passava pela Rua Nossa Senhora Aparecida quando foi abordado por um indiv\u00edduo que inicialmente lhe perguntou as horas.<\/p>\n<p>O jovem retirou o celular do bolso para conferir o hor\u00e1rio, momento em que o autor, simulando estar armado, exigiu que a v\u00edtima entregasse o aparelho. O assaltante pegou o celular e fugiu.<\/p>\n<p>A PM realizou buscas, mas o indiv\u00edduo n\u00e3o foi encontrado.<\/p>\n","protected":false},"excerpt":{"rendered":"<p>Um jovem de 22 anos foi assaltado nesta quinta-feira, 15, no bairro Nossa Senhora Aparecida, localizado na zona Leste da cidade. De acordo com o registro de ocorr\u00eancias da Pol\u00edcia Militar (PM), o jovem passava pela Rua Nossa Senhora Aparecida quando foi abordado por um indiv\u00edduo que inicialmente lhe perguntou as horas. O jovem retirou [&hellip;]<\/p>\n","protected":false},"author":96,"featured_media":91922,"comment_status":"closed","ping_status":"closed","sticky":false,"template":"","format":"standard","meta":{"footnotes":""},"categories":[301],"tags":[],"class_list":["post-91923","post","type-post","status-publish","format-standard","has-post-thumbnail","hentry","category-artigos-policiais"],"_links":{"self":[{"href":"https:\/\/diarioregionaldigital.com.br\/index.php?rest_route=\/wp\/v2\/posts\/91923","targetHints":{"allow":["GET"]}}],"collection":[{"href":"https:\/\/diarioregionaldigital.com.br\/index.php?rest_route=\/wp\/v2\/posts"}],"about":[{"href":"https:\/\/diarioregionaldigital.com.br\/index.php?rest_route=\/wp\/v2\/types\/post"}],"author":[{"embeddable":true,"href":"https:\/\/diarioregionaldigital.com.br\/index.php?rest_route=\/wp\/v2\/users\/96"}],"replies":[{"embeddable":true,"href":"https:\/\/diarioregionaldigital.com.br\/index.php?rest_route=%2Fwp%2Fv2%2Fcomments&post=91923"}],"version-history":[{"count":0,"href":"https:\/\/diarioregionaldigital.com.br\/index.php?rest_route=\/wp\/v2\/posts\/91923\/revisions"}],"wp:featuredmedia":[{"embeddable":true,"href":"https:\/\/diarioregionaldigital.com.br\/index.php?rest_route=\/wp\/v2\/media\/91922"}],"wp:attachment":[{"href":"https:\/\/diarioregionaldigital.com.br\/index.php?rest_route=%2Fwp%2Fv2%2Fmedia&parent=91923"}],"wp:term":[{"taxonomy":"category","embeddable":true,"href":"https:\/\/diarioregionaldigital.com.br\/index.php?rest_route=%2Fwp%2Fv2%2Fcategories&post=91923"},{"taxonomy":"post_tag","embeddable":true,"href":"https:\/\/diarioregionaldigital.com.br\/index.php?rest_route=%2Fwp%2Fv2%2Ftags&post=91923"}],"curies":[{"name":"wp","href":"https:\/\/api.w.org\/{rel}","templated":true}]}}