{"id":91911,"date":"2018-02-16T12:16:51","date_gmt":"2018-02-16T14:16:51","guid":{"rendered":"http:\/\/diarioregionaljf.com.br\/2018\/02\/16\/jovem-e-preso-por-porte-ilegal-de-arma-no-bairro-santa-candida\/"},"modified":"2018-02-16T12:16:51","modified_gmt":"2018-02-16T14:16:51","slug":"jovem-e-preso-por-porte-ilegal-de-arma-no-bairro-santa-candida","status":"publish","type":"post","link":"https:\/\/diarioregionaldigital.com.br\/?p=91911","title":{"rendered":"Jovem \u00e9 preso por porte ilegal de arma no bairro Santa C\u00e2ndida"},"content":{"rendered":"<p>Um jovem de 29 anos foi preso por porte ilegal de armas na noite desta quinta-feira, 15, no bairro Santa C\u00e2ndida, localizado na zona Leste.<\/p>\n<p>De acordo com o registro de ocorr\u00eancias da Pol\u00edcia Militar (PM), o jovem encontrava-se na esquina da Rua S\u00e3o Jos\u00e9 com a Rua coronel Dante Belei, quando notou a presen\u00e7a de uma viatura policial.<\/p>\n<p>A visualizar o carro da PM se aproximando, o autor demonstrou nervosismo e assim foi imediatamente abordado. Com ele foi encontrado um rev\u00f3lver calibre 38 com quatro muni\u00e7\u00f5es intactas.<\/p>\n<p>Em di\u00e1logo com o jovem, o mesmo explicou aos policiais que portava a arma por estar sendo amea\u00e7ado por indiv\u00edduos do bairro. Entretanto, ele n\u00e3o informou quem seriam tais indiv\u00edduos.<\/p>\n<p>O autor foi preso em flagrante e conduzido para delegacia juntamente com os materiais apreendidos.<\/p>\n","protected":false},"excerpt":{"rendered":"<p>Um jovem de 29 anos foi preso por porte ilegal de armas na noite desta quinta-feira, 15, no bairro Santa C\u00e2ndida, localizado na zona Leste. De acordo com o registro de ocorr\u00eancias da Pol\u00edcia Militar (PM), o jovem encontrava-se na esquina da Rua S\u00e3o Jos\u00e9 com a Rua coronel Dante Belei, quando notou a presen\u00e7a [&hellip;]<\/p>\n","protected":false},"author":96,"featured_media":91910,"comment_status":"closed","ping_status":"closed","sticky":false,"template":"","format":"standard","meta":{"footnotes":""},"categories":[301],"tags":[],"class_list":["post-91911","post","type-post","status-publish","format-standard","has-post-thumbnail","hentry","category-artigos-policiais"],"_links":{"self":[{"href":"https:\/\/diarioregionaldigital.com.br\/index.php?rest_route=\/wp\/v2\/posts\/91911","targetHints":{"allow":["GET"]}}],"collection":[{"href":"https:\/\/diarioregionaldigital.com.br\/index.php?rest_route=\/wp\/v2\/posts"}],"about":[{"href":"https:\/\/diarioregionaldigital.com.br\/index.php?rest_route=\/wp\/v2\/types\/post"}],"author":[{"embeddable":true,"href":"https:\/\/diarioregionaldigital.com.br\/index.php?rest_route=\/wp\/v2\/users\/96"}],"replies":[{"embeddable":true,"href":"https:\/\/diarioregionaldigital.com.br\/index.php?rest_route=%2Fwp%2Fv2%2Fcomments&post=91911"}],"version-history":[{"count":0,"href":"https:\/\/diarioregionaldigital.com.br\/index.php?rest_route=\/wp\/v2\/posts\/91911\/revisions"}],"wp:featuredmedia":[{"embeddable":true,"href":"https:\/\/diarioregionaldigital.com.br\/index.php?rest_route=\/wp\/v2\/media\/91910"}],"wp:attachment":[{"href":"https:\/\/diarioregionaldigital.com.br\/index.php?rest_route=%2Fwp%2Fv2%2Fmedia&parent=91911"}],"wp:term":[{"taxonomy":"category","embeddable":true,"href":"https:\/\/diarioregionaldigital.com.br\/index.php?rest_route=%2Fwp%2Fv2%2Fcategories&post=91911"},{"taxonomy":"post_tag","embeddable":true,"href":"https:\/\/diarioregionaldigital.com.br\/index.php?rest_route=%2Fwp%2Fv2%2Ftags&post=91911"}],"curies":[{"name":"wp","href":"https:\/\/api.w.org\/{rel}","templated":true}]}}