{"id":91909,"date":"2018-02-16T12:05:47","date_gmt":"2018-02-16T14:05:47","guid":{"rendered":"http:\/\/diarioregionaljf.com.br\/2018\/02\/16\/jovem-e-assaltada-por-dupla-armada-no-bairro-poco-rico\/"},"modified":"2018-02-16T12:05:47","modified_gmt":"2018-02-16T14:05:47","slug":"jovem-e-assaltada-por-dupla-armada-no-bairro-poco-rico","status":"publish","type":"post","link":"https:\/\/diarioregionaldigital.com.br\/?p=91909","title":{"rendered":"Jovem \u00e9 assaltada por dupla armada no bairro Po\u00e7o Rico"},"content":{"rendered":"<p>Uma jovem de 19 anos foi v\u00edtima de um assalto nesta quinta-feira, 15, no bairro Po\u00e7o Rico, localizado na zona Sudeste da cidade.<\/p>\n<p>De acordo com informa\u00e7\u00f5es da Pol\u00edcia Militar (PM), a v\u00edtima passava pela Avenida Rivelle quando foi surpreendida por dois indiv\u00edduos que anunciaram o assalto.<\/p>\n<p>Os autores estavam com armas de fogo e ap\u00f3s amea\u00e7as, roubaram o celular da jovem.<\/p>\n<p>A dupla de assaltantes fugiu tomando rumo ignorado. A PM realizou buscas na regi\u00e3o, entretanto nenhum suspeito foi localizado.<\/p>\n<p>A v\u00edtima recebeu as orienta\u00e7\u00f5es necess\u00e1rias.<\/p>\n","protected":false},"excerpt":{"rendered":"<p>Uma jovem de 19 anos foi v\u00edtima de um assalto nesta quinta-feira, 15, no bairro Po\u00e7o Rico, localizado na zona Sudeste da cidade. De acordo com informa\u00e7\u00f5es da Pol\u00edcia Militar (PM), a v\u00edtima passava pela Avenida Rivelle quando foi surpreendida por dois indiv\u00edduos que anunciaram o assalto. Os autores estavam com armas de fogo e [&hellip;]<\/p>\n","protected":false},"author":96,"featured_media":91908,"comment_status":"closed","ping_status":"closed","sticky":false,"template":"","format":"standard","meta":{"footnotes":""},"categories":[301],"tags":[],"class_list":["post-91909","post","type-post","status-publish","format-standard","has-post-thumbnail","hentry","category-artigos-policiais"],"_links":{"self":[{"href":"https:\/\/diarioregionaldigital.com.br\/index.php?rest_route=\/wp\/v2\/posts\/91909","targetHints":{"allow":["GET"]}}],"collection":[{"href":"https:\/\/diarioregionaldigital.com.br\/index.php?rest_route=\/wp\/v2\/posts"}],"about":[{"href":"https:\/\/diarioregionaldigital.com.br\/index.php?rest_route=\/wp\/v2\/types\/post"}],"author":[{"embeddable":true,"href":"https:\/\/diarioregionaldigital.com.br\/index.php?rest_route=\/wp\/v2\/users\/96"}],"replies":[{"embeddable":true,"href":"https:\/\/diarioregionaldigital.com.br\/index.php?rest_route=%2Fwp%2Fv2%2Fcomments&post=91909"}],"version-history":[{"count":0,"href":"https:\/\/diarioregionaldigital.com.br\/index.php?rest_route=\/wp\/v2\/posts\/91909\/revisions"}],"wp:featuredmedia":[{"embeddable":true,"href":"https:\/\/diarioregionaldigital.com.br\/index.php?rest_route=\/wp\/v2\/media\/91908"}],"wp:attachment":[{"href":"https:\/\/diarioregionaldigital.com.br\/index.php?rest_route=%2Fwp%2Fv2%2Fmedia&parent=91909"}],"wp:term":[{"taxonomy":"category","embeddable":true,"href":"https:\/\/diarioregionaldigital.com.br\/index.php?rest_route=%2Fwp%2Fv2%2Fcategories&post=91909"},{"taxonomy":"post_tag","embeddable":true,"href":"https:\/\/diarioregionaldigital.com.br\/index.php?rest_route=%2Fwp%2Fv2%2Ftags&post=91909"}],"curies":[{"name":"wp","href":"https:\/\/api.w.org\/{rel}","templated":true}]}}