{"id":91907,"date":"2018-02-16T11:53:02","date_gmt":"2018-02-16T13:53:02","guid":{"rendered":"http:\/\/diarioregionaljf.com.br\/2018\/02\/16\/homem-e-alvejado-por-dois-tiros-no-bairro-ipiranga\/"},"modified":"2018-02-16T11:53:02","modified_gmt":"2018-02-16T13:53:02","slug":"homem-e-alvejado-por-dois-tiros-no-bairro-ipiranga","status":"publish","type":"post","link":"https:\/\/diarioregionaldigital.com.br\/?p=91907","title":{"rendered":"Homem \u00e9 alvejado por dois tiros no bairro Ipiranga"},"content":{"rendered":"<p>Um homem de 30 anos foi v\u00edtima de uma tentativa de homic\u00eddio na tarde desta quinta-feira, 15, no bairro Ipiranga, localizado na zona Sul.<\/p>\n<p>De acordo com o registro de ocorr\u00eancias da Pol\u00edcia Militar (PM), a v\u00edtima passava pela Rua capit\u00e3o Ant\u00f4nio Carias quando foi atingido por dois disparos de arma de fogo.<\/p>\n<p>O Servi\u00e7o de Atendimento M\u00f3vel de Urg\u00eancia (SAMU) foi acionado e o homem encaminhado imediatamente para o Hospital de Pronto Socorro (HPS), onde recebeu os atendimentos necess\u00e1rios.<\/p>\n<p>O autor dos disparos seria um jovem de 22 anos, conhecido no meio policial como autor de diversos crimes.<\/p>\n<p>A PM realizou buscas pela regi\u00e3o e localizaram o autor, sendo o mesmo, reconhecido pela v\u00edtima. Ele recebeu voz de pris\u00e3o em flagrante e foi conduzido para a delegacia.<\/p>\n","protected":false},"excerpt":{"rendered":"<p>Um homem de 30 anos foi v\u00edtima de uma tentativa de homic\u00eddio na tarde desta quinta-feira, 15, no bairro Ipiranga, localizado na zona Sul. De acordo com o registro de ocorr\u00eancias da Pol\u00edcia Militar (PM), a v\u00edtima passava pela Rua capit\u00e3o Ant\u00f4nio Carias quando foi atingido por dois disparos de arma de fogo. O Servi\u00e7o [&hellip;]<\/p>\n","protected":false},"author":96,"featured_media":91906,"comment_status":"closed","ping_status":"closed","sticky":false,"template":"","format":"standard","meta":{"footnotes":""},"categories":[301],"tags":[],"class_list":["post-91907","post","type-post","status-publish","format-standard","has-post-thumbnail","hentry","category-artigos-policiais"],"_links":{"self":[{"href":"https:\/\/diarioregionaldigital.com.br\/index.php?rest_route=\/wp\/v2\/posts\/91907","targetHints":{"allow":["GET"]}}],"collection":[{"href":"https:\/\/diarioregionaldigital.com.br\/index.php?rest_route=\/wp\/v2\/posts"}],"about":[{"href":"https:\/\/diarioregionaldigital.com.br\/index.php?rest_route=\/wp\/v2\/types\/post"}],"author":[{"embeddable":true,"href":"https:\/\/diarioregionaldigital.com.br\/index.php?rest_route=\/wp\/v2\/users\/96"}],"replies":[{"embeddable":true,"href":"https:\/\/diarioregionaldigital.com.br\/index.php?rest_route=%2Fwp%2Fv2%2Fcomments&post=91907"}],"version-history":[{"count":0,"href":"https:\/\/diarioregionaldigital.com.br\/index.php?rest_route=\/wp\/v2\/posts\/91907\/revisions"}],"wp:featuredmedia":[{"embeddable":true,"href":"https:\/\/diarioregionaldigital.com.br\/index.php?rest_route=\/wp\/v2\/media\/91906"}],"wp:attachment":[{"href":"https:\/\/diarioregionaldigital.com.br\/index.php?rest_route=%2Fwp%2Fv2%2Fmedia&parent=91907"}],"wp:term":[{"taxonomy":"category","embeddable":true,"href":"https:\/\/diarioregionaldigital.com.br\/index.php?rest_route=%2Fwp%2Fv2%2Fcategories&post=91907"},{"taxonomy":"post_tag","embeddable":true,"href":"https:\/\/diarioregionaldigital.com.br\/index.php?rest_route=%2Fwp%2Fv2%2Ftags&post=91907"}],"curies":[{"name":"wp","href":"https:\/\/api.w.org\/{rel}","templated":true}]}}