{"id":91905,"date":"2018-02-16T11:29:41","date_gmt":"2018-02-16T13:29:41","guid":{"rendered":"http:\/\/diarioregionaljf.com.br\/2018\/02\/16\/apos-denuncia-pm-resgata-idosa-mantida-em-carcere-privado-por-irma-e-sobrinha-no-benfica\/"},"modified":"2018-02-16T11:29:41","modified_gmt":"2018-02-16T13:29:41","slug":"apos-denuncia-pm-resgata-idosa-mantida-em-carcere-privado-por-irma-e-sobrinha-no-benfica","status":"publish","type":"post","link":"https:\/\/diarioregionaldigital.com.br\/?p=91905","title":{"rendered":"Ap\u00f3s den\u00fancia, PM resgata idosa mantida em c\u00e1rcere privado por irm\u00e3 e sobrinha no Benfica"},"content":{"rendered":"<p>Uma senhora de 66 anos foi resgatada de uma resid\u00eancia no bairro Benfica, zona Norte, aonde vinha sendo agredida e mantida em c\u00e1rcere privado por uma irm\u00e3, de 64 anos e sobrinha, de 35. O caso foi registrado no in\u00edcio da madrugada desta sexta-feira, 16.<\/p>\n<p>De acordo com a Pol\u00edcia Militar (PM), ap\u00f3s den\u00fancias an\u00f4nimas de que a v\u00edtima estaria sendo agredida e que vivia trancada em um barraco nos fundos de uma casa na Rua Mar\u00edlia, uma guarni\u00e7\u00e3o policial compareceu at\u00e9 o local para averiguar os fatos.<\/p>\n<p>Ao chegarem ao im\u00f3vel, a irm\u00e3 da v\u00edtima levou os policiais at\u00e9 o c\u00f4modo onde a senhora encontrava-se, sendo constatado que a mesma estava de fato trancada e ainda possu\u00eda um hematoma no olho direito.<\/p>\n<p>O Servi\u00e7o de Atendimento M\u00f3vel de Urg\u00eancia (SAMU) foi acionado e ap\u00f3s an\u00e1lise da marca no olho da v\u00edtima, foi constatada uma les\u00e3o, ocorrida a pelo menos a mais de uma semana.<\/p>\n<p>Em contato com transeuntes que n\u00e3o se identificaram, os policiais obtiveram a informa\u00e7\u00e3o de que a senhora estava a mais de dez dias sem sair para rua.<\/p>\n<p>A PM questionou as autoras qual era o estado da senhora, ao que explicaram que, a mesma n\u00e3o possui nenhum tipo de transtorno mental, confirmaram que s\u00e3o as respons\u00e1veis por ela e que a trancam durante a noite e quando saem para trabalhar.<\/p>\n<p>Em di\u00e1logo com os policiais, a v\u00edtima confirmou que fica trancada dentro de casa e que \u00e0s vezes a irm\u00e3 a deixa sair na rua. A senhora se recusou deslocar para delegacia a fim de acompanhar o registro da ocorr\u00eancia, permanecendo em casa com as portas destrancadas. Durante a perman\u00eancia da PM na resid\u00eancia, ela permaneceu deitada e falou pouco.<\/p>\n<p>A per\u00edcia compareceu ao local e realizou os trabalhos de praxe.<\/p>\n<p>As autoras foram conduzidas para a delegacia.<\/p>\n","protected":false},"excerpt":{"rendered":"<p>Uma senhora de 66 anos foi resgatada de uma resid\u00eancia no bairro Benfica, zona Norte, aonde vinha sendo agredida e mantida em c\u00e1rcere privado por uma irm\u00e3, de 64 anos e sobrinha, de 35. O caso foi registrado no in\u00edcio da madrugada desta sexta-feira, 16. De acordo com a Pol\u00edcia Militar (PM), ap\u00f3s den\u00fancias an\u00f4nimas [&hellip;]<\/p>\n","protected":false},"author":96,"featured_media":91904,"comment_status":"closed","ping_status":"closed","sticky":false,"template":"","format":"standard","meta":{"footnotes":""},"categories":[301],"tags":[],"class_list":["post-91905","post","type-post","status-publish","format-standard","has-post-thumbnail","hentry","category-artigos-policiais"],"_links":{"self":[{"href":"https:\/\/diarioregionaldigital.com.br\/index.php?rest_route=\/wp\/v2\/posts\/91905","targetHints":{"allow":["GET"]}}],"collection":[{"href":"https:\/\/diarioregionaldigital.com.br\/index.php?rest_route=\/wp\/v2\/posts"}],"about":[{"href":"https:\/\/diarioregionaldigital.com.br\/index.php?rest_route=\/wp\/v2\/types\/post"}],"author":[{"embeddable":true,"href":"https:\/\/diarioregionaldigital.com.br\/index.php?rest_route=\/wp\/v2\/users\/96"}],"replies":[{"embeddable":true,"href":"https:\/\/diarioregionaldigital.com.br\/index.php?rest_route=%2Fwp%2Fv2%2Fcomments&post=91905"}],"version-history":[{"count":0,"href":"https:\/\/diarioregionaldigital.com.br\/index.php?rest_route=\/wp\/v2\/posts\/91905\/revisions"}],"wp:featuredmedia":[{"embeddable":true,"href":"https:\/\/diarioregionaldigital.com.br\/index.php?rest_route=\/wp\/v2\/media\/91904"}],"wp:attachment":[{"href":"https:\/\/diarioregionaldigital.com.br\/index.php?rest_route=%2Fwp%2Fv2%2Fmedia&parent=91905"}],"wp:term":[{"taxonomy":"category","embeddable":true,"href":"https:\/\/diarioregionaldigital.com.br\/index.php?rest_route=%2Fwp%2Fv2%2Fcategories&post=91905"},{"taxonomy":"post_tag","embeddable":true,"href":"https:\/\/diarioregionaldigital.com.br\/index.php?rest_route=%2Fwp%2Fv2%2Ftags&post=91905"}],"curies":[{"name":"wp","href":"https:\/\/api.w.org\/{rel}","templated":true}]}}