{"id":91903,"date":"2018-02-15T22:04:37","date_gmt":"2018-02-16T00:04:37","guid":{"rendered":"http:\/\/diarioregionaljf.com.br\/2018\/02\/15\/balanco-mostra-queda-no-numero-de-crimes-cometidos-no-carnaval\/"},"modified":"2018-02-15T22:04:37","modified_gmt":"2018-02-16T00:04:37","slug":"balanco-mostra-queda-no-numero-de-crimes-cometidos-no-carnaval","status":"publish","type":"post","link":"https:\/\/diarioregionaldigital.com.br\/?p=91903","title":{"rendered":"Balan\u00e7o mostra queda no n\u00famero de crimes cometidos no Carnaval"},"content":{"rendered":"<p>O balan\u00e7o divulgado pela 4\u00aa Regi\u00e3o da Pol\u00edcia Militar (RPM) aponta queda no n\u00famero de crimes registrados, em Juiz de Fora, no Carnaval deste ano, no comparativo com 2017. As informa\u00e7\u00f5es, apresentadas na manh\u00e3 desta quinta-feira, 15, durante coletiva \u00e0 imprensa, foram apuradas com base no per\u00edodo de sexta-feira, 9 at\u00e9 ter\u00e7a-feira, 13.<\/p>\n<p>Segundo a PM, os crimes violentos &#8211; homic\u00eddios, roubo, estupro ou sequestros &#8211; tiveram redu\u00e7\u00e3o de mais de 70%. Foram 11 delitos neste ano contra 38 no ano passado. Uma pessoa foi assassinada, enquanto que em 2017 dois homic\u00eddios aconteceram. Os roubos ca\u00edram 75%, de 33 ocorr\u00eancias para oito neste ano. J\u00e1 nos casos de furtos, a queda corresponde a 21% saindo de 93 registros para 76. Com nove ocorr\u00eancias, o tr\u00e1fico de drogas permaneceu o mesmo nos dois anos. A PM tamb\u00e9m apreendeu duas armas de fogo, 50% a mais que Carnaval passado, em que uma foi retirada de circula\u00e7\u00e3o.<\/p>\n<p>De acordo com o assessor de comunica\u00e7\u00e3o organizacional da 4\u00aa RPM, major Jovanio Campos, crimes violentos, principalmente furtos e roubos s\u00e3o as pr\u00e1ticas mais comuns nesse per\u00edodo. \u201cAs pessoas v\u00e3o para blocos e os desfiles, e os bens pessoais acabam chamando aten\u00e7\u00e3o dos criminosos. Eles podem ser subtra\u00eddos no local ou no deslocamento da v\u00edtima at\u00e9 sua resid\u00eancia. \u00c9 comum a tend\u00eancia e aumentar nessa \u00e9poca do ano\u201d, afirma.<\/p>\n<p>N\u00daMEROS MUNICIPAIS S\u00c3O REFLEXOS DE TODA ZONA DA MATA<\/p>\n<p>Conforme a PM, outras 85 cidades da regi\u00e3o receberam policiamento. Por conta do adiamento das f\u00e9rias dos policias nesse per\u00edodo, o efetivo aumentou em 10% nos eventos carnavalescos dos munic\u00edpios que fazem parte do monitoramento da 4\u00aa RPM. Juntas, as 86 cidades apresentaram redu\u00e7\u00e3o de cerca de 42% na quantidade de crimes violentos entre os anos. Foram 72 crimes em 2017 para 42 neste ano. No que se refere aos homic\u00eddios consumados, a queda foi de quase 15%, saindo de 7 registros no ano passado para 6 em 2018, apesar de a pol\u00edcia afirmar que as mortes n\u00e3o est\u00e3o relacionadas diretamente \u00e0 data. Os roubos ca\u00edram de 59 para 29 casos, 50% a menos, ao mesmo tempo em que os furtos diminu\u00edram cerca de 17%, de 265 para 219 delitos. As a\u00e7\u00f5es dos policiais foram efetivas em 33 casos de tr\u00e1fico de drogas em 2018 contra 30 em 2017. Dez armas de fogo foram apreendidas, tr\u00eas a menos que o ano passado.<\/p>\n<p>O resultado, na avalia\u00e7\u00e3o da PM, \u00e9 satisfat\u00f3rio. \u201cPodemos dizer que foi um sucesso. As a\u00e7\u00f5es aconteceram ap\u00f3s longo planejamento, na qual conseguimos direcionar o efetivo para os lugares que mais demandavam. A PM esteve nos locais de grande tradi\u00e7\u00e3o carnavalesca, intensificando opera\u00e7\u00f5es nas chegadas e sa\u00eddas de foli\u00f5es, abordando pessoas em atitudes suspeitas, o que permitiu chegar nesse resultado\u201d, diz Campos.<\/p>\n","protected":false},"excerpt":{"rendered":"<p>O balan\u00e7o divulgado pela 4\u00aa Regi\u00e3o da Pol\u00edcia Militar (RPM) aponta queda no n\u00famero de crimes registrados, em Juiz de Fora, no Carnaval deste ano, no comparativo com 2017. As informa\u00e7\u00f5es, apresentadas na manh\u00e3 desta quinta-feira, 15, durante coletiva \u00e0 imprensa, foram apuradas com base no per\u00edodo de sexta-feira, 9 at\u00e9 ter\u00e7a-feira, 13. Segundo a [&hellip;]<\/p>\n","protected":false},"author":96,"featured_media":0,"comment_status":"closed","ping_status":"closed","sticky":false,"template":"","format":"standard","meta":{"footnotes":""},"categories":[253],"tags":[],"class_list":["post-91903","post","type-post","status-publish","format-standard","hentry","category-cidade"],"_links":{"self":[{"href":"https:\/\/diarioregionaldigital.com.br\/index.php?rest_route=\/wp\/v2\/posts\/91903","targetHints":{"allow":["GET"]}}],"collection":[{"href":"https:\/\/diarioregionaldigital.com.br\/index.php?rest_route=\/wp\/v2\/posts"}],"about":[{"href":"https:\/\/diarioregionaldigital.com.br\/index.php?rest_route=\/wp\/v2\/types\/post"}],"author":[{"embeddable":true,"href":"https:\/\/diarioregionaldigital.com.br\/index.php?rest_route=\/wp\/v2\/users\/96"}],"replies":[{"embeddable":true,"href":"https:\/\/diarioregionaldigital.com.br\/index.php?rest_route=%2Fwp%2Fv2%2Fcomments&post=91903"}],"version-history":[{"count":0,"href":"https:\/\/diarioregionaldigital.com.br\/index.php?rest_route=\/wp\/v2\/posts\/91903\/revisions"}],"wp:attachment":[{"href":"https:\/\/diarioregionaldigital.com.br\/index.php?rest_route=%2Fwp%2Fv2%2Fmedia&parent=91903"}],"wp:term":[{"taxonomy":"category","embeddable":true,"href":"https:\/\/diarioregionaldigital.com.br\/index.php?rest_route=%2Fwp%2Fv2%2Fcategories&post=91903"},{"taxonomy":"post_tag","embeddable":true,"href":"https:\/\/diarioregionaldigital.com.br\/index.php?rest_route=%2Fwp%2Fv2%2Ftags&post=91903"}],"curies":[{"name":"wp","href":"https:\/\/api.w.org\/{rel}","templated":true}]}}