{"id":91901,"date":"2018-02-15T22:01:28","date_gmt":"2018-02-16T00:01:28","guid":{"rendered":"http:\/\/diarioregionaljf.com.br\/2018\/02\/15\/delegado-conclui-inquerito-sobre-a-morte-de-advogado-jogado-no-rio-paraibuna\/"},"modified":"2018-02-15T22:01:28","modified_gmt":"2018-02-16T00:01:28","slug":"delegado-conclui-inquerito-sobre-a-morte-de-advogado-jogado-no-rio-paraibuna","status":"publish","type":"post","link":"https:\/\/diarioregionaldigital.com.br\/?p=91901","title":{"rendered":"Delegado conclui inqu\u00e9rito sobre a morte de advogado jogado no Rio Paraibuna"},"content":{"rendered":"<p>O delegado Luciano Vidal, respons\u00e1vel pela apura\u00e7\u00e3o da morte de um advogado de 75 anos que teria sido assassinado com golpes de tijolo, pedra e machado e seu corpo jogado no Rio Paraibuna, encaminhou o relat\u00f3rio final de 47 p\u00e1ginas na \u00faltima sexta-feira, 9. A informa\u00e7\u00e3o foi divulgada pela assessoria da Pol\u00edcia Civil (PC) nessa quinta-feira, 15. Os suspeitos de 20 e 21 anos foram indiciados por quatro crimes, latroc\u00ednio, oculta\u00e7\u00e3o de cad\u00e1ver, fraude processual e corrup\u00e7\u00e3o de menores.<\/p>\n<p>Conforme as investiga\u00e7\u00f5es, a PC apurou que o investigado mais novo estaria devendo a um traficante do bairro Parque das Torres, zona Norte, e, por isso, teria atra\u00eddo o advogado para o interior da casa informando que iria pagar R$300 de honor\u00e1rios advocat\u00edcios para a v\u00edtima. No entanto, o encontro n\u00e3o seria para efetuar o pagamento \u00e0 v\u00edtima, mas para roub\u00e1-la o celular, rel\u00f3gio e carteira e em seguida mat\u00e1-la.<\/p>\n<p>Os suspeitos v\u00e3o responder pelo crime de fraude processual, pois, no dia seguinte, retornaram ao local para eliminar provas do crime. Em rela\u00e7\u00e3o a corrup\u00e7\u00e3o de menores, conforme o delegado, este \u00faltimo crime est\u00e1 relacionado \u00e0 participa\u00e7\u00e3o de um adolescente de 17 anos na cena do crime. Ap\u00f3s averigua\u00e7\u00e3o, foi poss\u00edvel apurar que o adolescente tamb\u00e9m estava na resid\u00eancia onde o advogado foi morto e ajudou a iluminar com celular o local. Ele responder\u00e1 por ato infracional an\u00e1logo aos crimes de latroc\u00ednio e oculta\u00e7\u00e3o de cad\u00e1ver.<\/p>\n<p>A pena m\u00e1xima dos suspeitos presos pode chegar a 39 anos de pris\u00e3o. Segundo Vidal, a pris\u00e3o tempor\u00e1ria venceu nessa quinta, mas j\u00e1 foi solicitada a convers\u00e3o em pris\u00e3o preventiva dos dois investigados. Al\u00e9m disso, tamb\u00e9m foram indiciados um suspeito, por recepta\u00e7\u00e3o, e a m\u00e3e do preso de 20 anos, por roubo qualificado em concurso de pessoas. Ela teria ligado para o advogado pedindo que ele fosse buscar o valor do honor\u00e1rio e sabia que ele seria roubado, por\u00e9m n\u00e3o estaria ciente de que o advogado seria morto. A pena m\u00e1xima pode chegar a aproximadamente 13 anos.<\/p>\n<p>Ainda de acordo com a autoridade policial, a pr\u00f3tese dent\u00e1ria, a pedra que teria sido utilizada na agress\u00e3o e um chinelo do suspeito de 20 anos, que teria sido usado no dia do crime, tamb\u00e9m foram encaminhados para Belo Horizonte para exame de DNA. A pr\u00f3tese tamb\u00e9m foi encaminhada ao Instituto M\u00e9dico Legal (IML) junto com um raio-x do dente da v\u00edtima.<\/p>\n<p>O corpo do advogado ainda n\u00e3o foi encontrado.<\/p>\n","protected":false},"excerpt":{"rendered":"<p>O delegado Luciano Vidal, respons\u00e1vel pela apura\u00e7\u00e3o da morte de um advogado de 75 anos que teria sido assassinado com golpes de tijolo, pedra e machado e seu corpo jogado no Rio Paraibuna, encaminhou o relat\u00f3rio final de 47 p\u00e1ginas na \u00faltima sexta-feira, 9. A informa\u00e7\u00e3o foi divulgada pela assessoria da Pol\u00edcia Civil (PC) nessa [&hellip;]<\/p>\n","protected":false},"author":96,"featured_media":91900,"comment_status":"closed","ping_status":"closed","sticky":false,"template":"","format":"standard","meta":{"footnotes":""},"categories":[253],"tags":[],"class_list":["post-91901","post","type-post","status-publish","format-standard","has-post-thumbnail","hentry","category-cidade"],"_links":{"self":[{"href":"https:\/\/diarioregionaldigital.com.br\/index.php?rest_route=\/wp\/v2\/posts\/91901","targetHints":{"allow":["GET"]}}],"collection":[{"href":"https:\/\/diarioregionaldigital.com.br\/index.php?rest_route=\/wp\/v2\/posts"}],"about":[{"href":"https:\/\/diarioregionaldigital.com.br\/index.php?rest_route=\/wp\/v2\/types\/post"}],"author":[{"embeddable":true,"href":"https:\/\/diarioregionaldigital.com.br\/index.php?rest_route=\/wp\/v2\/users\/96"}],"replies":[{"embeddable":true,"href":"https:\/\/diarioregionaldigital.com.br\/index.php?rest_route=%2Fwp%2Fv2%2Fcomments&post=91901"}],"version-history":[{"count":0,"href":"https:\/\/diarioregionaldigital.com.br\/index.php?rest_route=\/wp\/v2\/posts\/91901\/revisions"}],"wp:featuredmedia":[{"embeddable":true,"href":"https:\/\/diarioregionaldigital.com.br\/index.php?rest_route=\/wp\/v2\/media\/91900"}],"wp:attachment":[{"href":"https:\/\/diarioregionaldigital.com.br\/index.php?rest_route=%2Fwp%2Fv2%2Fmedia&parent=91901"}],"wp:term":[{"taxonomy":"category","embeddable":true,"href":"https:\/\/diarioregionaldigital.com.br\/index.php?rest_route=%2Fwp%2Fv2%2Fcategories&post=91901"},{"taxonomy":"post_tag","embeddable":true,"href":"https:\/\/diarioregionaldigital.com.br\/index.php?rest_route=%2Fwp%2Fv2%2Ftags&post=91901"}],"curies":[{"name":"wp","href":"https:\/\/api.w.org\/{rel}","templated":true}]}}