{"id":91899,"date":"2018-02-15T21:55:23","date_gmt":"2018-02-15T23:55:23","guid":{"rendered":"http:\/\/diarioregionaljf.com.br\/2018\/02\/15\/previsao-e-de-ceu-parcialmente-nublado-neste-fim-de-semana\/"},"modified":"2018-02-15T21:55:23","modified_gmt":"2018-02-15T23:55:23","slug":"previsao-e-de-ceu-parcialmente-nublado-neste-fim-de-semana","status":"publish","type":"post","link":"https:\/\/diarioregionaldigital.com.br\/?p=91899","title":{"rendered":"Previs\u00e3o \u00e9 de c\u00e9u parcialmente nublado neste fim de semana"},"content":{"rendered":"<p>O tempo deve ficar parcialmente nublado com possibilidade de chuvas em \u00e1reas isoladas em Juiz de Fora nesta sexta-feira, 16. \u201cA tend\u00eancia \u00e9 que ocorra pancadas de chuvas isoladas entre sexta-feira e domingo na cidade. A temperatura m\u00ednima vai variar entre 18\u00b0C e 20\u00b0C e a m\u00e1xima entre 25\u00b0C e 27\u00b0C\u201d, explicou o meteorologista do 5\u00ba Distrito do Instituto Nacional de Meteorologia (Inmet), Luiz Ladeia.<\/p>\n<p>J\u00e1 na Zona da Mata, o dia ser\u00e1 de c\u00e9u nublado com pancadas de chuvas e trovoadas isoladas. Na regi\u00e3o, a temperatura deve oscilar entre 17\u00b0C e 30\u00b0C com umidade relativa do ar variando entre 90% e 50% ao longo do dia. \u201cNa segunda-feira, 19, a perspectiva \u00e9 c\u00e9u nublado com possibilidade de chuva isolada em Juiz de Fora\u201d, finalizou.<\/p>\n","protected":false},"excerpt":{"rendered":"<p>O tempo deve ficar parcialmente nublado com possibilidade de chuvas em \u00e1reas isoladas em Juiz de Fora nesta sexta-feira, 16. \u201cA tend\u00eancia \u00e9 que ocorra pancadas de chuvas isoladas entre sexta-feira e domingo na cidade. A temperatura m\u00ednima vai variar entre 18\u00b0C e 20\u00b0C e a m\u00e1xima entre 25\u00b0C e 27\u00b0C\u201d, explicou o meteorologista do [&hellip;]<\/p>\n","protected":false},"author":96,"featured_media":91898,"comment_status":"closed","ping_status":"closed","sticky":false,"template":"","format":"standard","meta":{"footnotes":""},"categories":[253],"tags":[],"class_list":["post-91899","post","type-post","status-publish","format-standard","has-post-thumbnail","hentry","category-cidade"],"_links":{"self":[{"href":"https:\/\/diarioregionaldigital.com.br\/index.php?rest_route=\/wp\/v2\/posts\/91899","targetHints":{"allow":["GET"]}}],"collection":[{"href":"https:\/\/diarioregionaldigital.com.br\/index.php?rest_route=\/wp\/v2\/posts"}],"about":[{"href":"https:\/\/diarioregionaldigital.com.br\/index.php?rest_route=\/wp\/v2\/types\/post"}],"author":[{"embeddable":true,"href":"https:\/\/diarioregionaldigital.com.br\/index.php?rest_route=\/wp\/v2\/users\/96"}],"replies":[{"embeddable":true,"href":"https:\/\/diarioregionaldigital.com.br\/index.php?rest_route=%2Fwp%2Fv2%2Fcomments&post=91899"}],"version-history":[{"count":0,"href":"https:\/\/diarioregionaldigital.com.br\/index.php?rest_route=\/wp\/v2\/posts\/91899\/revisions"}],"wp:featuredmedia":[{"embeddable":true,"href":"https:\/\/diarioregionaldigital.com.br\/index.php?rest_route=\/wp\/v2\/media\/91898"}],"wp:attachment":[{"href":"https:\/\/diarioregionaldigital.com.br\/index.php?rest_route=%2Fwp%2Fv2%2Fmedia&parent=91899"}],"wp:term":[{"taxonomy":"category","embeddable":true,"href":"https:\/\/diarioregionaldigital.com.br\/index.php?rest_route=%2Fwp%2Fv2%2Fcategories&post=91899"},{"taxonomy":"post_tag","embeddable":true,"href":"https:\/\/diarioregionaldigital.com.br\/index.php?rest_route=%2Fwp%2Fv2%2Ftags&post=91899"}],"curies":[{"name":"wp","href":"https:\/\/api.w.org\/{rel}","templated":true}]}}