{"id":91897,"date":"2018-02-15T21:52:28","date_gmt":"2018-02-15T23:52:28","guid":{"rendered":"http:\/\/diarioregionaljf.com.br\/2018\/02\/15\/prf-registra-queda-no-numero-de-acidentes-e-mortes-nas-rodovias-durante-o-feriado\/"},"modified":"2018-02-15T21:52:28","modified_gmt":"2018-02-15T23:52:28","slug":"prf-registra-queda-no-numero-de-acidentes-e-mortes-nas-rodovias-durante-o-feriado","status":"publish","type":"post","link":"https:\/\/diarioregionaldigital.com.br\/?p=91897","title":{"rendered":"PRF registra queda no n\u00famero de acidentes e mortes nas rodovias durante o feriado"},"content":{"rendered":"<p>A colis\u00e3o entre um ve\u00edculo de passeio e uma ambul\u00e2ncia na BR-267, que ocasionou a morte de tr\u00eas jovens e feriu mais dois, foi o acidente mais grave registrado nas rodovias federais no estado de Minas Gerais. A informa\u00e7\u00e3o foi confirmada no balan\u00e7o da Opera\u00e7\u00e3o Carnaval 2018 da Pol\u00edcia Rodovi\u00e1ria Federal (PRF).<\/p>\n<p>Segundo o levantamento, apesar do grave acidente, houve a diminui\u00e7\u00e3o de 52% de mortes e de 49% o n\u00famero de acidentes nas estradas em compara\u00e7\u00e3o a festividade do ano passado. O s\u00e1bado de Carnaval foi o dia em que mais foi registrado acidentes, 46, e ter\u00e7a-feira, 13, e quarta-feira, 14, datas em que as pessoas viajaram para retornar aos seus munic\u00edpios, foram os que mais registraram \u00f3bitos, tr\u00eas em cada dia. Confira os n\u00fameros:<\/p>\n<p><img loading=\"lazy\" decoding=\"async\" class=\" size-full wp-image-91896\" src=\"http:\/\/diarioregionaljf.com.br\/wp-content\/uploads\/2018\/02\/diario-int-24165-1.jpg\" alt=\"Balan\u00e7o.jpg\" style=\"display: block; margin-left: auto; margin-right: auto;\" width=\"680\" height=\"151\" srcset=\"https:\/\/diarioregionaldigital.com.br\/wp-content\/uploads\/2018\/02\/diario-int-24165-1.jpg 680w, https:\/\/diarioregionaldigital.com.br\/wp-content\/uploads\/2018\/02\/diario-int-24165-1-300x67.jpg 300w, https:\/\/diarioregionaldigital.com.br\/wp-content\/uploads\/2018\/02\/diario-int-24165-1-360x80.jpg 360w\" sizes=\"auto, (max-width: 680px) 100vw, 680px\" \/><\/p>\n<p>O balan\u00e7o tamb\u00e9m pontuou que mais de 8.850 condutores foram multados devido ao excesso de velocidade e 1.281 por ultrapassagem em locais proibidos. Em rela\u00e7\u00e3o ao teste do baf\u00f4metro, 5.043 motoristas foram submetidos ao exame, e deste n\u00famero, 120 foram autuados e 12 presos.<\/p>\n<h4>&nbsp;<\/h4>\n<h4>ACIDENTE NA BR-267<\/h4>\n<p>Um jovem de 19 anos e duas jovens de 20 morreram ap\u00f3s colis\u00e3o entre um ve\u00edculo de passeio e uma ambul\u00e2ncia na BR-267, no per\u00edmetro urbano de Juiz de Fora, na madrugada dessa quarta-feira, 14.<\/p>\n<p>De acordo com informa\u00e7\u00f5es do Corpo de Bombeiros, acionado para atender \u00e0 ocorr\u00eancia, as tr\u00eas v\u00edtimas fatais estavam no carro, com placas de Juiz de Fora, acompanhados de mais dois ocupantes, de 18 e 21 anos. Eles foram retirados com vida e transportados pelo Servi\u00e7o de Atendimento M\u00f3vel de Urg\u00eancia (SAMU) ao Hospital de Pronto Socorro (HPS).<\/p>\n<p>Ainda conforme a corpora\u00e7\u00e3o, na ambul\u00e2ncia, placas de Cataguases, haviam tr\u00eas ocupantes. O motorista j\u00e1 se encontrava fora do ve\u00edculo quando os bombeiros chegaram ao local do acidente e estava sem ferimentos aparentes. Os demais j\u00e1 haviam sido resgatados e transportados pelo SAMU. Segundo informa\u00e7\u00f5es da Pol\u00edcia Rodovi\u00e1ria Federal (PRF), eles tamb\u00e9m foram encaminhados ao HPS, um deles com les\u00f5es graves.<\/p>\n<p>A Pol\u00edcia Militar (PM) e a Pol\u00edcia Civil (PC) tamb\u00e9m atuaram na ocorr\u00eancia.<\/p>\n<h4>&nbsp;<\/h4>\n<h4>RODOVIAS ESTADUAIS<\/h4>\n<p>Em coletiva de imprensa, realizada na manh\u00e3 dessa quinta-feira, 15, a Pol\u00edcia Militar Rodovi\u00e1ria (PMR) divulgou o balan\u00e7o da opera\u00e7\u00e3o Carnaval, que tamb\u00e9m foi efetuada entre a sexta-feira, 9, e quarta-feira, 14.<\/p>\n<p>Conforme os dados apresentados, quatro pessoas morreram e outras 25 ficaram feridas em 22 acidentes. A a\u00e7\u00e3o resultou no recolhimento de 13 carteiras de motoristas e duas armas de fogo. Sessenta e dois condutores foram notificados por dirigirem sem habilita\u00e7\u00e3o e 664 autos de infra\u00e7\u00e3o foram lavrados.<\/p>\n<p>Durante a opera\u00e7\u00e3o, 149 motoristas foram submetidos ao teste do baf\u00f4metro, dos quais tr\u00eas pessoas foram presas por suspeita de embriaguez ao volante. A PMR tamb\u00e9m prendeu dois suspeitos com arma de fogo, dois por posse de drogas e outro por porte de muni\u00e7\u00e3o ponto 40.<\/p>\n","protected":false},"excerpt":{"rendered":"<p>A colis\u00e3o entre um ve\u00edculo de passeio e uma ambul\u00e2ncia na BR-267, que ocasionou a morte de tr\u00eas jovens e feriu mais dois, foi o acidente mais grave registrado nas rodovias federais no estado de Minas Gerais. A informa\u00e7\u00e3o foi confirmada no balan\u00e7o da Opera\u00e7\u00e3o Carnaval 2018 da Pol\u00edcia Rodovi\u00e1ria Federal (PRF). Segundo o levantamento, [&hellip;]<\/p>\n","protected":false},"author":96,"featured_media":91895,"comment_status":"closed","ping_status":"closed","sticky":false,"template":"","format":"standard","meta":{"footnotes":""},"categories":[253],"tags":[],"class_list":["post-91897","post","type-post","status-publish","format-standard","has-post-thumbnail","hentry","category-cidade"],"_links":{"self":[{"href":"https:\/\/diarioregionaldigital.com.br\/index.php?rest_route=\/wp\/v2\/posts\/91897","targetHints":{"allow":["GET"]}}],"collection":[{"href":"https:\/\/diarioregionaldigital.com.br\/index.php?rest_route=\/wp\/v2\/posts"}],"about":[{"href":"https:\/\/diarioregionaldigital.com.br\/index.php?rest_route=\/wp\/v2\/types\/post"}],"author":[{"embeddable":true,"href":"https:\/\/diarioregionaldigital.com.br\/index.php?rest_route=\/wp\/v2\/users\/96"}],"replies":[{"embeddable":true,"href":"https:\/\/diarioregionaldigital.com.br\/index.php?rest_route=%2Fwp%2Fv2%2Fcomments&post=91897"}],"version-history":[{"count":0,"href":"https:\/\/diarioregionaldigital.com.br\/index.php?rest_route=\/wp\/v2\/posts\/91897\/revisions"}],"wp:featuredmedia":[{"embeddable":true,"href":"https:\/\/diarioregionaldigital.com.br\/index.php?rest_route=\/wp\/v2\/media\/91895"}],"wp:attachment":[{"href":"https:\/\/diarioregionaldigital.com.br\/index.php?rest_route=%2Fwp%2Fv2%2Fmedia&parent=91897"}],"wp:term":[{"taxonomy":"category","embeddable":true,"href":"https:\/\/diarioregionaldigital.com.br\/index.php?rest_route=%2Fwp%2Fv2%2Fcategories&post=91897"},{"taxonomy":"post_tag","embeddable":true,"href":"https:\/\/diarioregionaldigital.com.br\/index.php?rest_route=%2Fwp%2Fv2%2Ftags&post=91897"}],"curies":[{"name":"wp","href":"https:\/\/api.w.org\/{rel}","templated":true}]}}