{"id":91888,"date":"2018-02-15T21:41:28","date_gmt":"2018-02-15T23:41:28","guid":{"rendered":"http:\/\/diarioregionaljf.com.br\/2018\/02\/15\/tocantins-16-02-18\/"},"modified":"2018-08-13T20:36:19","modified_gmt":"2018-08-13T23:36:19","slug":"tocantins-16-02-18","status":"publish","type":"post","link":"https:\/\/diarioregionaldigital.com.br\/?p=91888","title":{"rendered":"Tocantins 16\/02\/18"},"content":{"rendered":"<p style=\"text-align: center;\"><span class=\"h4\">PREFEITURA MUNICIPAL DE TOCANTINS-MG<\/span><br \/><span class=\"h4\">AVISO DE ERRATA<\/span><br \/><span class=\"h4\">LICITA\u00c7\u00c3O N\u00b0 019\/2018<\/span><br \/><span class=\"h4\">MODALIDADE DE PREG\u00c3O PRESENCIAL N\u00b0014\/2018<\/span><br \/>O Munic\u00edpio de TOCANTINS, na forma da lei, faz saber a todos quantos o presente edital virem, ou dele conhecimento tiverem, que o hor\u00e1rio desta licita\u00e7\u00e3o foi designado para \u00e0s 09:00 horas do dia 28\/02\/2018. Para conhecimento de todos os interessados, expediu-se o presente que ser\u00e1 afixado no lugar de costume, publicando-se na forma da lei. TOCANTINS, 15 de fevereiro de 2018.<br \/><span class=\"h5\">MARIA DE F\u00c1TIMA DA SILVA RODRIGUES &#8211; PREGOEIRA<\/span><\/p>\n","protected":false},"excerpt":{"rendered":"<p>PREFEITURA MUNICIPAL DE TOCANTINS-MGAVISO DE ERRATALICITA\u00c7\u00c3O N\u00b0 019\/2018MODALIDADE DE PREG\u00c3O PRESENCIAL N\u00b0014\/2018O Munic\u00edpio de TOCANTINS, na forma da lei, faz saber a todos quantos o presente edital virem, ou dele conhecimento tiverem, que o hor\u00e1rio desta licita\u00e7\u00e3o foi designado para \u00e0s 09:00 horas do dia 28\/02\/2018. Para conhecimento de todos os interessados, expediu-se o presente [&hellip;]<\/p>\n","protected":false},"author":96,"featured_media":0,"comment_status":"closed","ping_status":"closed","sticky":false,"template":"","format":"standard","meta":{"footnotes":""},"categories":[307],"tags":[],"class_list":["post-91888","post","type-post","status-publish","format-standard","hentry","category-editais"],"_links":{"self":[{"href":"https:\/\/diarioregionaldigital.com.br\/index.php?rest_route=\/wp\/v2\/posts\/91888","targetHints":{"allow":["GET"]}}],"collection":[{"href":"https:\/\/diarioregionaldigital.com.br\/index.php?rest_route=\/wp\/v2\/posts"}],"about":[{"href":"https:\/\/diarioregionaldigital.com.br\/index.php?rest_route=\/wp\/v2\/types\/post"}],"author":[{"embeddable":true,"href":"https:\/\/diarioregionaldigital.com.br\/index.php?rest_route=\/wp\/v2\/users\/96"}],"replies":[{"embeddable":true,"href":"https:\/\/diarioregionaldigital.com.br\/index.php?rest_route=%2Fwp%2Fv2%2Fcomments&post=91888"}],"version-history":[{"count":0,"href":"https:\/\/diarioregionaldigital.com.br\/index.php?rest_route=\/wp\/v2\/posts\/91888\/revisions"}],"wp:attachment":[{"href":"https:\/\/diarioregionaldigital.com.br\/index.php?rest_route=%2Fwp%2Fv2%2Fmedia&parent=91888"}],"wp:term":[{"taxonomy":"category","embeddable":true,"href":"https:\/\/diarioregionaldigital.com.br\/index.php?rest_route=%2Fwp%2Fv2%2Fcategories&post=91888"},{"taxonomy":"post_tag","embeddable":true,"href":"https:\/\/diarioregionaldigital.com.br\/index.php?rest_route=%2Fwp%2Fv2%2Ftags&post=91888"}],"curies":[{"name":"wp","href":"https:\/\/api.w.org\/{rel}","templated":true}]}}