{"id":91885,"date":"2018-02-15T21:37:51","date_gmt":"2018-02-15T23:37:51","guid":{"rendered":"http:\/\/diarioregionaljf.com.br\/2018\/02\/15\/adcon\/"},"modified":"2018-08-13T20:36:19","modified_gmt":"2018-08-13T23:36:19","slug":"adcon","status":"publish","type":"post","link":"https:\/\/diarioregionaldigital.com.br\/?p=91885","title":{"rendered":"AdCon"},"content":{"rendered":"<p class=\"h4\" style=\"text-align: center;\">CONDOM\u00cdNIO DO EDIF\u00cdCIO SOLAR PEDRO NAVA<\/p>\n<p class=\"h4\" style=\"text-align: center;\">CONVOCA\u00c7\u00c3O<\/p>\n<p class=\"h4\" style=\"text-align: center;\">Assembleia Geral Ordin\u00e1ria<\/p>\n<p class=\"h4\" style=\"text-align: center;\">Juiz de Fora, 09 de Fevereiro de 2018.<\/p>\n<p style=\"text-align: center;\">Prezados senhores,<br \/>MM AdCon, administradora do Condom\u00ednio Solar Pedro Nava, atendendo \u00e0 solicita\u00e7\u00e3o da s\u00edndica, convoca os senhores cond\u00f4minos para a Assembleia Geral Ordin\u00e1ria que far\u00e1 realizar dia 23 de fevereiro de 2018 (sexta-feira), \u00e0s 19h.30min, em primeira convoca\u00e7\u00e3o quando h\u00e1 necessidade da presen\u00e7a da maioria dos copropriet\u00e1rios, e \u00e0s 20h, em segunda convoca\u00e7\u00e3o, quando ser\u00e1 realizada com qualquer n\u00famero de cond\u00f4minos, na garagem do condom\u00ednio, para deliberarem sobre as seguintes pautas:<\/p>\n<p class=\"h6\" style=\"text-align: center;\">1\u00aa) Presta\u00e7\u00e3o de Contas;<br \/>2\u00aa) Elei\u00e7\u00e3o de s\u00edndico; conselho consultivo e suplente;<br \/>3\u00aa) Revis\u00e3o da taxa condominial;<br \/>4\u00aa) Assuntos Gerais.<\/p>\n<p style=\"text-align: center;\">Tendo em vista a relev\u00e2ncia dos assuntos a serem tratados, lembramos aos senhores a conveni\u00eancia da participa\u00e7\u00e3o de todos ou de se fazerem representar por procura\u00e7\u00e3o.<br \/>Esclarecemos, ainda, que as decis\u00f5es tomadas em Assembleia caber\u00e3o a todos, inclusive aos ausentes. Desta forma contamos com a presen\u00e7a de todos.<\/p>\n<p class=\"h4\" style=\"text-align: center;\">Atenciosamente,<br \/>MM AdCon &#8211; Administradora de Condom\u00ednios.<\/p>\n","protected":false},"excerpt":{"rendered":"<p>CONDOM\u00cdNIO DO EDIF\u00cdCIO SOLAR PEDRO NAVA CONVOCA\u00c7\u00c3O Assembleia Geral Ordin\u00e1ria Juiz de Fora, 09 de Fevereiro de 2018. Prezados senhores,MM AdCon, administradora do Condom\u00ednio Solar Pedro Nava, atendendo \u00e0 solicita\u00e7\u00e3o da s\u00edndica, convoca os senhores cond\u00f4minos para a Assembleia Geral Ordin\u00e1ria que far\u00e1 realizar dia 23 de fevereiro de 2018 (sexta-feira), \u00e0s 19h.30min, em primeira [&hellip;]<\/p>\n","protected":false},"author":96,"featured_media":0,"comment_status":"closed","ping_status":"closed","sticky":false,"template":"","format":"standard","meta":{"footnotes":""},"categories":[307],"tags":[],"class_list":["post-91885","post","type-post","status-publish","format-standard","hentry","category-editais"],"_links":{"self":[{"href":"https:\/\/diarioregionaldigital.com.br\/index.php?rest_route=\/wp\/v2\/posts\/91885","targetHints":{"allow":["GET"]}}],"collection":[{"href":"https:\/\/diarioregionaldigital.com.br\/index.php?rest_route=\/wp\/v2\/posts"}],"about":[{"href":"https:\/\/diarioregionaldigital.com.br\/index.php?rest_route=\/wp\/v2\/types\/post"}],"author":[{"embeddable":true,"href":"https:\/\/diarioregionaldigital.com.br\/index.php?rest_route=\/wp\/v2\/users\/96"}],"replies":[{"embeddable":true,"href":"https:\/\/diarioregionaldigital.com.br\/index.php?rest_route=%2Fwp%2Fv2%2Fcomments&post=91885"}],"version-history":[{"count":0,"href":"https:\/\/diarioregionaldigital.com.br\/index.php?rest_route=\/wp\/v2\/posts\/91885\/revisions"}],"wp:attachment":[{"href":"https:\/\/diarioregionaldigital.com.br\/index.php?rest_route=%2Fwp%2Fv2%2Fmedia&parent=91885"}],"wp:term":[{"taxonomy":"category","embeddable":true,"href":"https:\/\/diarioregionaldigital.com.br\/index.php?rest_route=%2Fwp%2Fv2%2Fcategories&post=91885"},{"taxonomy":"post_tag","embeddable":true,"href":"https:\/\/diarioregionaldigital.com.br\/index.php?rest_route=%2Fwp%2Fv2%2Ftags&post=91885"}],"curies":[{"name":"wp","href":"https:\/\/api.w.org\/{rel}","templated":true}]}}