{"id":91882,"date":"2018-02-15T21:32:17","date_gmt":"2018-02-15T23:32:17","guid":{"rendered":"http:\/\/diarioregionaljf.com.br\/2018\/02\/15\/cartorio-benfica-16-02-18\/"},"modified":"2018-08-13T20:36:20","modified_gmt":"2018-08-13T23:36:20","slug":"cartorio-benfica-16-02-18","status":"publish","type":"post","link":"https:\/\/diarioregionaldigital.com.br\/?p=91882","title":{"rendered":"Cart\u00f3rio Benfica 16-02-18"},"content":{"rendered":"<p class=\"h4\">REP\u00daBLICA FEDERATIVA DO BRASIL ESTADO DE MINAS GERAIS<\/p>\n<p class=\"h4\">Cart\u00f3rio de Registro Civil 3\u00ba Subdistrito &#8211; Juiz de Fora MG<br \/>Oficial Titular: Mariana Sad Albuquerque e Castro<\/p>\n<p class=\"h4\">Rua Tom\u00e9 de Souza, 49 &#8211; Lj 03 Benfica<br \/>36090270 &#8211; Juiz de Fora &#8211; MG<\/p>\n<p>Faz saber que pretendem casar-se:<\/p>\n<p>01 &#8211; JOS\u00c9 IRIO FERREIRA CARDOSO, resid\u00eancia Rua Lima Duarte, 337, Benfica, Juiz de Fora-MG; e CRISTINE APARECIDA BARRETO, resid\u00eancia Rua Lima Duarte, 337, Benfica, Juiz de Fora-MG<\/p>\n<p>02 &#8211; MARCELO OVIDIO VICENTE, resid\u00eancia Avenida Ant\u00f4nio Guimar\u00e3es Peralva, 15\/101, J\u00f3quei Clube II, Juiz de Fora-MG; e ANELISA ALVARENGA DE ALC\u00c2NTARA, resid\u00eancia Avenida Ant\u00f4nio Guimar\u00e3es Peralva, 15\/101, J\u00f3quei Clube II, Juiz de Fora-MG<\/p>\n<p>03 &#8211; U\u00c9LINTON C\u00c9SAR BERNARDES, resid\u00eancia Rua Bartolomeu Bueno, n\u00ba50 apto 304, Benfica, Juiz de Fora-MG; e THAIS GARCIA FIALHO, resid\u00eancia Rua Bartolomeu Bueno, n\u00ba50 apto 304, Benfica, Juiz de Fora-MG<\/p>\n<p>Os contraentes apresentaram os documentos exigidos pelo art.1525 do C\u00f3digo Civil Brasileiro. Se algu\u00e9m souber de algum impedimento, que os impe\u00e7am de se casar, que o fa\u00e7a na forma da Lei:<\/p>\n<p>Juiz de Fora, 14\/02\/2018<\/p>\n<p>MARIANA SAD ALBUQUERQUE E CASTRO<br \/>Oficial do Registro Civil<br \/>Cartosoft &#8211; Automa\u00e7\u00e3o de Cart\u00f3rios do Registro Civil www.cartosoft.com.br<\/p>\n","protected":false},"excerpt":{"rendered":"<p>REP\u00daBLICA FEDERATIVA DO BRASIL ESTADO DE MINAS GERAIS Cart\u00f3rio de Registro Civil 3\u00ba Subdistrito &#8211; Juiz de Fora MGOficial Titular: Mariana Sad Albuquerque e Castro Rua Tom\u00e9 de Souza, 49 &#8211; Lj 03 Benfica36090270 &#8211; Juiz de Fora &#8211; MG Faz saber que pretendem casar-se: 01 &#8211; JOS\u00c9 IRIO FERREIRA CARDOSO, resid\u00eancia Rua Lima Duarte, [&hellip;]<\/p>\n","protected":false},"author":96,"featured_media":0,"comment_status":"closed","ping_status":"closed","sticky":false,"template":"","format":"standard","meta":{"footnotes":""},"categories":[307],"tags":[],"class_list":["post-91882","post","type-post","status-publish","format-standard","hentry","category-editais"],"_links":{"self":[{"href":"https:\/\/diarioregionaldigital.com.br\/index.php?rest_route=\/wp\/v2\/posts\/91882","targetHints":{"allow":["GET"]}}],"collection":[{"href":"https:\/\/diarioregionaldigital.com.br\/index.php?rest_route=\/wp\/v2\/posts"}],"about":[{"href":"https:\/\/diarioregionaldigital.com.br\/index.php?rest_route=\/wp\/v2\/types\/post"}],"author":[{"embeddable":true,"href":"https:\/\/diarioregionaldigital.com.br\/index.php?rest_route=\/wp\/v2\/users\/96"}],"replies":[{"embeddable":true,"href":"https:\/\/diarioregionaldigital.com.br\/index.php?rest_route=%2Fwp%2Fv2%2Fcomments&post=91882"}],"version-history":[{"count":0,"href":"https:\/\/diarioregionaldigital.com.br\/index.php?rest_route=\/wp\/v2\/posts\/91882\/revisions"}],"wp:attachment":[{"href":"https:\/\/diarioregionaldigital.com.br\/index.php?rest_route=%2Fwp%2Fv2%2Fmedia&parent=91882"}],"wp:term":[{"taxonomy":"category","embeddable":true,"href":"https:\/\/diarioregionaldigital.com.br\/index.php?rest_route=%2Fwp%2Fv2%2Fcategories&post=91882"},{"taxonomy":"post_tag","embeddable":true,"href":"https:\/\/diarioregionaldigital.com.br\/index.php?rest_route=%2Fwp%2Fv2%2Ftags&post=91882"}],"curies":[{"name":"wp","href":"https:\/\/api.w.org\/{rel}","templated":true}]}}