{"id":91881,"date":"2018-02-15T21:22:46","date_gmt":"2018-02-15T23:22:46","guid":{"rendered":"http:\/\/diarioregionaljf.com.br\/2018\/02\/15\/cresce-procura-ao-sedecon-para-renegociar-dividas-em-jf\/"},"modified":"2018-02-15T21:22:46","modified_gmt":"2018-02-15T23:22:46","slug":"cresce-procura-ao-sedecon-para-renegociar-dividas-em-jf","status":"publish","type":"post","link":"https:\/\/diarioregionaldigital.com.br\/?p=91881","title":{"rendered":"Cresce procura ao Sedecon para renegociar d\u00edvidas em JF"},"content":{"rendered":"<p>O n\u00famero de reclama\u00e7\u00f5es de pessoas que est\u00e3o com mais de 50% da renda comprometida com d\u00edvidas aumentou cerca de 60% no Servi\u00e7o de Defesa do Consumidor (Sedecon) da C\u00e2mara de Juiz de Fora.<\/p>\n<p>O cidad\u00e3o, que antes buscava o \u00f3rg\u00e3o com reclama\u00e7\u00f5es sobre mercadorias compradas, hoje, em raz\u00e3o da crise econ\u00f4mica, busca o Sedecon para tentar renegociar suas d\u00edvidas. A grande maioria est\u00e1 comprometida com d\u00edvidas no cart\u00e3o de cr\u00e9dito ou cart\u00e3o de loja, por isso, a dica \u00e9 abandonar o cart\u00e3o de cr\u00e9dito e procurar o \u00f3rg\u00e3o para negociar.<\/p>\n<p>O problema \u00e9 que muitas pessoas que est\u00e3o passando por isso n\u00e3o procuram o \u00f3rg\u00e3o, seja por vergonha de expor sua vida, seja por n\u00e3o ter conhecimento do servi\u00e7o de apoio oferecido pelo \u00f3rg\u00e3o. Uma das preocupa\u00e7\u00f5es \u00e9 que a maioria dos devedores recebe entre um e dois sal\u00e1rios m\u00ednimos por m\u00eas, e alguns est\u00e3o desempregados.<\/p>\n<p>Segundo o diretor do Sedecon, Nilson Ferreira Neto, a primeira provid\u00eancia que tomamos ao receber esse devedor \u00e9 verificar se os juros s\u00e3o abusivos. Caso sejam, fazemos uma audi\u00eancia com a institui\u00e7\u00e3o para negociar a cobran\u00e7a. \u201cOutra quest\u00e3o preocupante \u00e9 que mais de 50% desses devedores que nos procuram est\u00e3o com o nome negativado nos servi\u00e7os de prote\u00e7\u00e3o ao cr\u00e9dito\u201d.<\/p>\n<p>O que fazer para sair desta situa\u00e7\u00e3o?<\/p>\n<p>Resposta &#8211; Negociar a d\u00edvida e suspender o uso do cart\u00e3o de cr\u00e9dito.<\/p>\n<p>Renegocia\u00e7\u00e3o depende da institui\u00e7\u00e3o?<\/p>\n<p>Resposta &#8211; Sim. Algumas institui\u00e7\u00f5es t\u00eam regras mais r\u00edgidas para negociar. Mas, em raz\u00e3o do interesse de receber o cr\u00e9dito, as institui\u00e7\u00f5es sempre negociam.<\/p>\n<p>E se houver reincid\u00eancia?<\/p>\n<p>Resposta &#8211; Neste caso, algumas institui\u00e7\u00f5es n\u00e3o aceitam renegociar. Mas, com o aux\u00edlio do Sedecon, muitas reabrem a negocia\u00e7\u00e3o.<\/p>\n<p>O devedor deve buscar ajuda especializada?<\/p>\n<p>Resposta &#8211; Sempre deve procurar ajuda dos \u00f3rg\u00e3os de defesa do consumidor. O Sedecon tem o N\u00facleo de Atendimento ao Superendividado<\/p>\n<hr \/>\n<p>&nbsp;Fonte: Assessoria\/CMJF<\/p>\n","protected":false},"excerpt":{"rendered":"<p>O n\u00famero de reclama\u00e7\u00f5es de pessoas que est\u00e3o com mais de 50% da renda comprometida com d\u00edvidas aumentou cerca de 60% no Servi\u00e7o de Defesa do Consumidor (Sedecon) da C\u00e2mara de Juiz de Fora. O cidad\u00e3o, que antes buscava o \u00f3rg\u00e3o com reclama\u00e7\u00f5es sobre mercadorias compradas, hoje, em raz\u00e3o da crise econ\u00f4mica, busca o Sedecon [&hellip;]<\/p>\n","protected":false},"author":96,"featured_media":91880,"comment_status":"closed","ping_status":"closed","sticky":false,"template":"","format":"standard","meta":{"footnotes":""},"categories":[253],"tags":[],"class_list":["post-91881","post","type-post","status-publish","format-standard","has-post-thumbnail","hentry","category-cidade"],"_links":{"self":[{"href":"https:\/\/diarioregionaldigital.com.br\/index.php?rest_route=\/wp\/v2\/posts\/91881","targetHints":{"allow":["GET"]}}],"collection":[{"href":"https:\/\/diarioregionaldigital.com.br\/index.php?rest_route=\/wp\/v2\/posts"}],"about":[{"href":"https:\/\/diarioregionaldigital.com.br\/index.php?rest_route=\/wp\/v2\/types\/post"}],"author":[{"embeddable":true,"href":"https:\/\/diarioregionaldigital.com.br\/index.php?rest_route=\/wp\/v2\/users\/96"}],"replies":[{"embeddable":true,"href":"https:\/\/diarioregionaldigital.com.br\/index.php?rest_route=%2Fwp%2Fv2%2Fcomments&post=91881"}],"version-history":[{"count":0,"href":"https:\/\/diarioregionaldigital.com.br\/index.php?rest_route=\/wp\/v2\/posts\/91881\/revisions"}],"wp:featuredmedia":[{"embeddable":true,"href":"https:\/\/diarioregionaldigital.com.br\/index.php?rest_route=\/wp\/v2\/media\/91880"}],"wp:attachment":[{"href":"https:\/\/diarioregionaldigital.com.br\/index.php?rest_route=%2Fwp%2Fv2%2Fmedia&parent=91881"}],"wp:term":[{"taxonomy":"category","embeddable":true,"href":"https:\/\/diarioregionaldigital.com.br\/index.php?rest_route=%2Fwp%2Fv2%2Fcategories&post=91881"},{"taxonomy":"post_tag","embeddable":true,"href":"https:\/\/diarioregionaldigital.com.br\/index.php?rest_route=%2Fwp%2Fv2%2Ftags&post=91881"}],"curies":[{"name":"wp","href":"https:\/\/api.w.org\/{rel}","templated":true}]}}