{"id":91877,"date":"2018-02-15T20:00:52","date_gmt":"2018-02-15T22:00:52","guid":{"rendered":"http:\/\/diarioregionaljf.com.br\/2018\/02\/15\/subsecretario-diz-que-perdao-de-dividas-favorece-sonegacao-fiscal\/"},"modified":"2018-02-15T20:00:52","modified_gmt":"2018-02-15T22:00:52","slug":"subsecretario-diz-que-perdao-de-dividas-favorece-sonegacao-fiscal","status":"publish","type":"post","link":"https:\/\/diarioregionaldigital.com.br\/?p=91877","title":{"rendered":"Subsecret\u00e1rio diz que perd\u00e3o de d\u00edvidas favorece sonega\u00e7\u00e3o fiscal"},"content":{"rendered":"<p>O subsecret\u00e1rio de Fiscaliza\u00e7\u00e3o da Receita Federal, I\u00e1garo Jung Martins, disse nessa quinta-feira, 15, que o perd\u00e3o de d\u00edvidas e a lentid\u00e3o nos processos administrativos e judici\u00e1rios no Brasil favorecem a sonega\u00e7\u00e3o de impostos. No ano passado, a Receita autuou empresas e pessoas f\u00edsicas no valor de R$204,99 bilh\u00f5es, o maior valor desde 1968.<\/p>\n<p>&#8220;A quest\u00e3o da grande sonega\u00e7\u00e3o \u00e9 incentivada pelos sinais que o pr\u00f3prio pa\u00eds passa aos contribuintes. Quando o contribuinte tem certeza que ao ser identificado, ele vai encontrar um Refis que vai perdoar a suas d\u00edvidas, ou que ele vai encontrar um contencioso administrativo e judicial que leva muito tempo para julgar os seus processos, ele vai sempre acreditar que a impunidade tribut\u00e1ria \u00e9 uma op\u00e7\u00e3o&#8221;, disse.<\/p>\n<p>O Refis \u00e9 um programa de parcelamento de d\u00edvidas tribut\u00e1rias, por meio do qual o contribuinte recebe descontos nos juros da d\u00edvida que acumulou, entre outros benef\u00edcios. A inten\u00e7\u00e3o do governo ao lan\u00e7ar o Refis \u00e9 arrecadar pelo menos parte dos recursos devidos. Martins \u00e9 enf\u00e1tico ao defender que &#8220;seria interessante que o pa\u00eds n\u00e3o mais tivesse Refis&#8221;.<\/p>\n<p>O subsecret\u00e1rio disse que os processos administrativos duram em m\u00e9dia seis anos, ou dois anos no caso dos valores mais altos, para serem conclu\u00eddos. Ap\u00f3s esse per\u00edodo ainda \u00e9 poss\u00edvel recorrer \u00e0 Justi\u00e7a, o que pode demorar cerca de nove anos.<\/p>\n<p>No total, os processos podem durar 15 anos. Ap\u00f3s todo esse tr\u00e2mite, a m\u00e9dia de ades\u00e3o \u00e0s autua\u00e7\u00f5es, isto \u00e9, o que dever\u00e1 de fato ser pago \u00e0 Receita \u00e9, de acordo com Martins, 85% do valor autuado.<\/p>\n<p>Dos valores autuados em 2017, 97,21% est\u00e3o pendentes de julgamento ou em fases intermedi\u00e1rias de cobran\u00e7a. &#8220;O modelo de processo administrativo e judicial do Brasil demora. Se tivesse um processo mais r\u00e1pido, seria mais r\u00e1pida a recupera\u00e7\u00e3o&#8221;, disse o subsecret\u00e1rio.<\/p>\n<hr \/>\n<p>&nbsp;Fonte: Ag\u00eancia Brasil<\/p>\n","protected":false},"excerpt":{"rendered":"<p>O subsecret\u00e1rio de Fiscaliza\u00e7\u00e3o da Receita Federal, I\u00e1garo Jung Martins, disse nessa quinta-feira, 15, que o perd\u00e3o de d\u00edvidas e a lentid\u00e3o nos processos administrativos e judici\u00e1rios no Brasil favorecem a sonega\u00e7\u00e3o de impostos. No ano passado, a Receita autuou empresas e pessoas f\u00edsicas no valor de R$204,99 bilh\u00f5es, o maior valor desde 1968. &#8220;A [&hellip;]<\/p>\n","protected":false},"author":96,"featured_media":91876,"comment_status":"closed","ping_status":"closed","sticky":false,"template":"","format":"standard","meta":{"footnotes":""},"categories":[261],"tags":[],"class_list":["post-91877","post","type-post","status-publish","format-standard","has-post-thumbnail","hentry","category-economia"],"_links":{"self":[{"href":"https:\/\/diarioregionaldigital.com.br\/index.php?rest_route=\/wp\/v2\/posts\/91877","targetHints":{"allow":["GET"]}}],"collection":[{"href":"https:\/\/diarioregionaldigital.com.br\/index.php?rest_route=\/wp\/v2\/posts"}],"about":[{"href":"https:\/\/diarioregionaldigital.com.br\/index.php?rest_route=\/wp\/v2\/types\/post"}],"author":[{"embeddable":true,"href":"https:\/\/diarioregionaldigital.com.br\/index.php?rest_route=\/wp\/v2\/users\/96"}],"replies":[{"embeddable":true,"href":"https:\/\/diarioregionaldigital.com.br\/index.php?rest_route=%2Fwp%2Fv2%2Fcomments&post=91877"}],"version-history":[{"count":0,"href":"https:\/\/diarioregionaldigital.com.br\/index.php?rest_route=\/wp\/v2\/posts\/91877\/revisions"}],"wp:featuredmedia":[{"embeddable":true,"href":"https:\/\/diarioregionaldigital.com.br\/index.php?rest_route=\/wp\/v2\/media\/91876"}],"wp:attachment":[{"href":"https:\/\/diarioregionaldigital.com.br\/index.php?rest_route=%2Fwp%2Fv2%2Fmedia&parent=91877"}],"wp:term":[{"taxonomy":"category","embeddable":true,"href":"https:\/\/diarioregionaldigital.com.br\/index.php?rest_route=%2Fwp%2Fv2%2Fcategories&post=91877"},{"taxonomy":"post_tag","embeddable":true,"href":"https:\/\/diarioregionaldigital.com.br\/index.php?rest_route=%2Fwp%2Fv2%2Ftags&post=91877"}],"curies":[{"name":"wp","href":"https:\/\/api.w.org\/{rel}","templated":true}]}}