{"id":91875,"date":"2018-02-15T19:47:27","date_gmt":"2018-02-15T21:47:27","guid":{"rendered":"http:\/\/diarioregionaljf.com.br\/2018\/02\/15\/em-cena-3\/"},"modified":"2018-02-15T19:47:27","modified_gmt":"2018-02-15T21:47:27","slug":"em-cena-3","status":"publish","type":"post","link":"https:\/\/diarioregionaldigital.com.br\/?p=91875","title":{"rendered":"Em Cena"},"content":{"rendered":"<p style=\"text-align: center;\"><span class=\"h4\">CES\/JF<\/span><br \/>O Centro de Ensino Superior de Juiz de Fora (CES\/JF), por meio do Centro de Extens\u00e3o e Pesquisa e Central de Est\u00e1gio, realizar\u00e1 o curso de Comunica\u00e7\u00e3o e Marketing Pol\u00edtico-eleitoral. O objetivo do curso \u00e9 desenvolver o aprendizado a respeito dos conceitos do Marketing Pol\u00edtico para promover uma vis\u00e3o din\u00e2mica e cr\u00edtica. As aulas acontecer\u00e3o nos dias 10 e 17 de mar\u00e7o, ministradas pelo professor Leonardo Barreto Gr\u00f4ppo (UFU e UNB), no Campus Arnaldo Janssen.<\/p>\n<p style=\"text-align: center;\"><span class=\"h4\">Cervejas Artesanais<\/span><br \/>O Sistema FIEMG, em conjunto com v\u00e1rios parceiros, est\u00e1 promovendo um programa que tem como intuito em 2018 consolidar a atua\u00e7\u00e3o e convergir esfor\u00e7os para um maior crescimento da produ\u00e7\u00e3o de cervejas artesanais da Zona da Mata. O lan\u00e7amento do programa aconteceu em 1\u00ba de fevereiro, na FIEMG Regional Zona da Mata e apresentou a\u00e7\u00f5es que ser\u00e3o implementadas para o setor.<\/p>\n<p style=\"text-align: center;\"><span class=\"h4\">Olha s\u00f3<\/span><br \/>A anima\u00e7\u00e3o brasileira \u201cLino\u201d estreou com sucesso, em 1.050 salas de cinema na R\u00fassia. Com proje\u00e7\u00e3o em 3D, o filme de Rafael Ribas, que, na vers\u00e3o original, tem o protagonista na voz do ator Selton Mello, tornou-se a anima\u00e7\u00e3o nacional mais assistida por aqui, em torno de 300 mil espectadores.<\/p>\n<p style=\"text-align: center;\"><span class=\"h4\">Buarque<\/span><br \/>No Rio de Janeiro, diante da multid\u00e3o gritando \u201cFora Temer\u201d no Vivo Rio lotado, Chico Buarque se limitou a acompanhar ao viol\u00e3o as palavras de ordem, compondo ali uma trilha sonora. Foram cinco semanas de sucesso colocando o mangueirense no topo da bilheteria.<\/p>\n<p style=\"text-align: center;\"><span class=\"h4\">Horror<\/span><br \/>Bandidos do Rio de Janeiro est\u00e3o cobrando sal\u00e1rio mensal para n\u00e3o assaltar ind\u00fastrias e carregamentos. \u00c9 o fim do mundo!<\/p>\n<p style=\"text-align: center;\"><span class=\"h4\">Em Cena<\/span><br \/>Passado o carnaval, o Privil\u00e9ge promove no dia 23, sua festa de reabertura. O tema ser\u00e1 \u201cA gente se encontra\u201d. Para o Caf\u00e9 da Mata, Celinho Vidal ser\u00e1 o anfitri\u00e3o com a categoria de sempre. Para arrasar nas carrapetas, os DJs Ashiban, Sandro Valente, Marquinhos SP, Pand\u00e3o, Marley, Vov\u00f4, Grupo Alquimia e a banda Zona Blue.<\/p>\n<p style=\"text-align: center;\"><img decoding=\"async\" class=\" size-full wp-image-91865\" src=\"http:\/\/diarioregionaljf.com.br\/wp-content\/uploads\/2018\/02\/diario-int-24151-1.jpg\" alt=\"fotoa.jpg\" width=\"680\" style=\"display: block; margin-left: auto; margin-right: auto;\" srcset=\"https:\/\/diarioregionaldigital.com.br\/wp-content\/uploads\/2018\/02\/diario-int-24151-1.jpg 680w, https:\/\/diarioregionaldigital.com.br\/wp-content\/uploads\/2018\/02\/diario-int-24151-1-300x199.jpg 300w, https:\/\/diarioregionaldigital.com.br\/wp-content\/uploads\/2018\/02\/diario-int-24151-1-360x238.jpg 360w\" sizes=\"(max-width: 680px) 100vw, 680px\" \/>Aniversariando na 5\u00aa feira, 15, completando 70 anos, a elegante educadora e irm\u00e3 deste colunista, Maria Rita Gomes da Rocha<\/p>\n<p style=\"text-align: center;\"><img decoding=\"async\" class=\" size-full wp-image-91866\" src=\"http:\/\/diarioregionaljf.com.br\/wp-content\/uploads\/2018\/02\/diario-int-24151-2.jpg\" alt=\"fotob.jpg\" width=\"680\" style=\"display: block; margin-left: auto; margin-right: auto;\" srcset=\"https:\/\/diarioregionaldigital.com.br\/wp-content\/uploads\/2018\/02\/diario-int-24151-2.jpg 680w, https:\/\/diarioregionaldigital.com.br\/wp-content\/uploads\/2018\/02\/diario-int-24151-2-300x199.jpg 300w, https:\/\/diarioregionaldigital.com.br\/wp-content\/uploads\/2018\/02\/diario-int-24151-2-360x238.jpg 360w\" sizes=\"(max-width: 680px) 100vw, 680px\" \/>Locomotivas da sociedade na Esta\u00e7\u00e3o Grill, Meire Milhomens, Myrliane Le\u00e3o, Eliana Lamha, Ivete Gomes e Wanda Magnolo<\/p>\n<p style=\"text-align: center;\"><img decoding=\"async\" class=\" size-full wp-image-91867\" src=\"http:\/\/diarioregionaljf.com.br\/wp-content\/uploads\/2018\/02\/diario-int-24151-3.jpg\" alt=\"fotoaa.jpg\" width=\"680\" style=\"display: block; margin-left: auto; margin-right: auto;\" srcset=\"https:\/\/diarioregionaldigital.com.br\/wp-content\/uploads\/2018\/02\/diario-int-24151-3.jpg 680w, https:\/\/diarioregionaldigital.com.br\/wp-content\/uploads\/2018\/02\/diario-int-24151-3-300x199.jpg 300w, https:\/\/diarioregionaldigital.com.br\/wp-content\/uploads\/2018\/02\/diario-int-24151-3-360x238.jpg 360w\" sizes=\"(max-width: 680px) 100vw, 680px\" \/>O coiffeur Igor Juliani, absoluto no carnaval de Rio Novo<\/p>\n<p style=\"text-align: center;\"><img decoding=\"async\" class=\" size-full wp-image-91868\" src=\"http:\/\/diarioregionaljf.com.br\/wp-content\/uploads\/2018\/02\/diario-int-24151-4.jpg\" alt=\"fotobb.jpg\" width=\"680\" style=\"display: block; margin-left: auto; margin-right: auto;\" srcset=\"https:\/\/diarioregionaldigital.com.br\/wp-content\/uploads\/2018\/02\/diario-int-24151-4.jpg 680w, https:\/\/diarioregionaldigital.com.br\/wp-content\/uploads\/2018\/02\/diario-int-24151-4-300x243.jpg 300w, https:\/\/diarioregionaldigital.com.br\/wp-content\/uploads\/2018\/02\/diario-int-24151-4-360x291.jpg 360w\" sizes=\"(max-width: 680px) 100vw, 680px\" \/>Causando efeito bomb\u00e1stico no Bloco do Barril no carnaval de S\u00e3o Jo\u00e3o Nepomuceno, o maquiador Igor Boscato<\/p>\n<p style=\"text-align: center;\"><img decoding=\"async\" class=\" size-full wp-image-91869\" src=\"http:\/\/diarioregionaljf.com.br\/wp-content\/uploads\/2018\/02\/diario-int-24151-5.jpg\" alt=\"fotod.jpg\" width=\"680\" style=\"display: block; margin-left: auto; margin-right: auto;\" srcset=\"https:\/\/diarioregionaldigital.com.br\/wp-content\/uploads\/2018\/02\/diario-int-24151-5.jpg 680w, https:\/\/diarioregionaldigital.com.br\/wp-content\/uploads\/2018\/02\/diario-int-24151-5-300x199.jpg 300w, https:\/\/diarioregionaldigital.com.br\/wp-content\/uploads\/2018\/02\/diario-int-24151-5-360x238.jpg 360w\" sizes=\"(max-width: 680px) 100vw, 680px\" \/>No C\u00edrculo Militar, Neuza Marsicano na transmiss\u00e3o do cargo de Delegado da Adesg\/JF do Cel. Carlos Alberto Silva para a jornalista Neuza Bernardes<\/p>\n<p style=\"text-align: center;\"><img decoding=\"async\" class=\" size-full wp-image-91870\" src=\"http:\/\/diarioregionaljf.com.br\/wp-content\/uploads\/2018\/02\/diario-int-24151-6.jpg\" alt=\"fotoe.jpg\" width=\"680\" style=\"display: block; margin-left: auto; margin-right: auto;\" srcset=\"https:\/\/diarioregionaldigital.com.br\/wp-content\/uploads\/2018\/02\/diario-int-24151-6.jpg 680w, https:\/\/diarioregionaldigital.com.br\/wp-content\/uploads\/2018\/02\/diario-int-24151-6-300x199.jpg 300w, https:\/\/diarioregionaldigital.com.br\/wp-content\/uploads\/2018\/02\/diario-int-24151-6-360x238.jpg 360w\" sizes=\"(max-width: 680px) 100vw, 680px\" \/>Comemorando a vida, os lindos Jo\u00e3o Tavares e Rosenberg Frizeiro<\/p>\n<p style=\"text-align: center;\"><img decoding=\"async\" class=\" size-full wp-image-91871\" src=\"http:\/\/diarioregionaljf.com.br\/wp-content\/uploads\/2018\/02\/diario-int-24151-7.jpg\" alt=\"fotof.jpg\" width=\"680\" style=\"display: block; margin-left: auto; margin-right: auto;\" srcset=\"https:\/\/diarioregionaldigital.com.br\/wp-content\/uploads\/2018\/02\/diario-int-24151-7.jpg 680w, https:\/\/diarioregionaldigital.com.br\/wp-content\/uploads\/2018\/02\/diario-int-24151-7-300x199.jpg 300w, https:\/\/diarioregionaldigital.com.br\/wp-content\/uploads\/2018\/02\/diario-int-24151-7-360x238.jpg 360w\" sizes=\"(max-width: 680px) 100vw, 680px\" \/>Mostrando estilo moderno, o top empres\u00e1rio Alex Petrato<\/p>\n<p style=\"text-align: center;\"><img decoding=\"async\" class=\" size-full wp-image-91872\" src=\"http:\/\/diarioregionaljf.com.br\/wp-content\/uploads\/2018\/02\/diario-int-24151-8.jpg\" alt=\"fotog.jpg\" width=\"680\" style=\"display: block; margin-left: auto; margin-right: auto;\" srcset=\"https:\/\/diarioregionaldigital.com.br\/wp-content\/uploads\/2018\/02\/diario-int-24151-8.jpg 680w, https:\/\/diarioregionaldigital.com.br\/wp-content\/uploads\/2018\/02\/diario-int-24151-8-300x199.jpg 300w, https:\/\/diarioregionaldigital.com.br\/wp-content\/uploads\/2018\/02\/diario-int-24151-8-360x238.jpg 360w\" sizes=\"(max-width: 680px) 100vw, 680px\" \/>No badalado Privil\u00e9ge, os primos bonit\u00f5es Rodrigo Machado e Lucas Machado<\/p>\n<p style=\"text-align: center;\"><img decoding=\"async\" class=\" size-full wp-image-91873\" src=\"http:\/\/diarioregionaljf.com.br\/wp-content\/uploads\/2018\/02\/diario-int-24151-9.jpg\" alt=\"fotoh.jpg\" width=\"680\" style=\"display: block; margin-left: auto; margin-right: auto;\" srcset=\"https:\/\/diarioregionaldigital.com.br\/wp-content\/uploads\/2018\/02\/diario-int-24151-9.jpg 680w, https:\/\/diarioregionaldigital.com.br\/wp-content\/uploads\/2018\/02\/diario-int-24151-9-300x199.jpg 300w, https:\/\/diarioregionaldigital.com.br\/wp-content\/uploads\/2018\/02\/diario-int-24151-9-360x238.jpg 360w\" sizes=\"(max-width: 680px) 100vw, 680px\" \/>Formando jovem e lindo casal de S\u00e3o Jo\u00e3o Nepomuceno, Iago Castro e Geovana Faceroli<\/p>\n<p style=\"text-align: center;\"><img decoding=\"async\" class=\" size-full wp-image-91874\" src=\"http:\/\/diarioregionaljf.com.br\/wp-content\/uploads\/2018\/02\/diario-int-24151-10.jpg\" alt=\"fotoi.jpg\" width=\"680\" style=\"display: block; margin-left: auto; margin-right: auto;\" srcset=\"https:\/\/diarioregionaldigital.com.br\/wp-content\/uploads\/2018\/02\/diario-int-24151-10.jpg 680w, https:\/\/diarioregionaldigital.com.br\/wp-content\/uploads\/2018\/02\/diario-int-24151-10-300x199.jpg 300w, https:\/\/diarioregionaldigital.com.br\/wp-content\/uploads\/2018\/02\/diario-int-24151-10-360x238.jpg 360w\" sizes=\"(max-width: 680px) 100vw, 680px\" \/>No Emp\u00f3rio Artesanal, os talentosos m\u00fasicos, Wash Souza, Thiago Miranda e Arthur Miranda<\/p>\n<p class=\"h4\" style=\"text-align: center;\">FOTOSS\u00cdNTESE<\/p>\n<p>Muita gente assustou. Mas j\u00e1 come\u00e7ou a fiscaliza\u00e7\u00e3o com biometria facial nos \u00f4nibus de Juiz de Fora.<\/p>\n<p>Passado o carnaval, as aten\u00e7\u00f5es agora se voltam para a P\u00e1scoa. A quituteira Andrea Cintia da Maria Pipoca j\u00e1 est\u00e1 produzindo doces, chocolates e ovos deliciosos para a P\u00e1scoa.<\/p>\n<p>O jogador de futsal juiz-forano Leo Santana, com tr\u00eas gols, sagrou-se com a camisa 8 do Brasil, campe\u00e3o do Grand Prix Internacional da modalidade, em Brusque (SC). Ele caiu nas gra\u00e7as da Torcida.<\/p>\n<p>Desfiando cabelos com desenvoltura h\u00e1 mais de 56 anos de profiss\u00e3o, o cabelereiro Z\u00e9 Maria d\u00e1 expediente agora na Galeria General Roberto Neves. Loja 110.<\/p>\n<p>Vibrando muito, o juiz-forano Fillipe Rayol foi contratado para a equipe de an\u00e1lise de desempenho das categorias de base do Atl\u00e9tico Mineiro. Ele \u00e9 juiz-forano formado em educa\u00e7\u00e3o f\u00edsica e jornalismo pela Est\u00e1cio.<\/p>\n<p>Causando impacto visual as camisas em tecido florido das lojas Oficina do Terno. Para esta esta\u00e7\u00e3o, as camisas p\u00f3lo, cal\u00e7as jeans e a linha de ternos com fabrica\u00e7\u00e3o exclusiva, fazem o maior sucesso para homens de todas as gera\u00e7\u00f5es.<\/p>\n<p>A Santa Casa de Juiz de Fora promoveu mesa redonda com o tema \u201cFebre amarela: situa\u00e7\u00e3o atual e manejo de casos graves\u201d, com presen\u00e7a de m\u00e9dicos dos principais hospitais da cidade.<\/p>\n<p>Vai at\u00e9 o dia 31 de mar\u00e7o a promo\u00e7\u00e3o \u201cGrandes Livros a um Clique do seu Celular\u201d, que o Independ\u00eancia Shopping est\u00e1 promovendo em parceria com a Livraria Saraiva, com desconto incr\u00edveis em diversos best-sellers.<\/p>\n<p>Fazendo um balan\u00e7o do carnaval em Juiz de Fora, os mais animados blocos e bailes foram o Bloco Nega Maria e Bloco do Beco e Baile da Banda Daki e do Come Quieto. Em 2018, devido o cancelamento dos desfiles das escolas de samba, este colunista n\u00e3o entregar\u00e1 o Pr\u00eamio Confete de Ouro, aos melhores do carnaval.<\/p>\n<p>Mestre-Cuca de m\u00e3o cheia, a jornalista Cl\u00e1udia Figueiredo vai ministrar aulas de culin\u00e1ria na Esta\u00e7\u00e3o Palco.<\/p>\n<p>Foi com leitoa \u00e0 pururuca o jantar em homenagem ao deputado Ant\u00f4nio Jorge em Concei\u00e7\u00e3o de Ibitipoca. Os moradores agradeceram pelo apoio \u00e0 Festa da Padroeira. Puro reconhecimento.<\/p>\n<p>Anota a\u00ed: Atire a flecha e abra o leque para v\u00e1rios pontos cardeais, focando o empreendedorismo. Bom dia.<\/p>\n","protected":false},"excerpt":{"rendered":"<p>CES\/JFO Centro de Ensino Superior de Juiz de Fora (CES\/JF), por meio do Centro de Extens\u00e3o e Pesquisa e Central de Est\u00e1gio, realizar\u00e1 o curso de Comunica\u00e7\u00e3o e Marketing Pol\u00edtico-eleitoral. O objetivo do curso \u00e9 desenvolver o aprendizado a respeito dos conceitos do Marketing Pol\u00edtico para promover uma vis\u00e3o din\u00e2mica e cr\u00edtica. As aulas acontecer\u00e3o [&hellip;]<\/p>\n","protected":false},"author":96,"featured_media":91864,"comment_status":"closed","ping_status":"closed","sticky":false,"template":"","format":"standard","meta":{"footnotes":""},"categories":[264],"tags":[],"class_list":["post-91875","post","type-post","status-publish","format-standard","has-post-thumbnail","hentry","category-eduardo-gomes"],"_links":{"self":[{"href":"https:\/\/diarioregionaldigital.com.br\/index.php?rest_route=\/wp\/v2\/posts\/91875","targetHints":{"allow":["GET"]}}],"collection":[{"href":"https:\/\/diarioregionaldigital.com.br\/index.php?rest_route=\/wp\/v2\/posts"}],"about":[{"href":"https:\/\/diarioregionaldigital.com.br\/index.php?rest_route=\/wp\/v2\/types\/post"}],"author":[{"embeddable":true,"href":"https:\/\/diarioregionaldigital.com.br\/index.php?rest_route=\/wp\/v2\/users\/96"}],"replies":[{"embeddable":true,"href":"https:\/\/diarioregionaldigital.com.br\/index.php?rest_route=%2Fwp%2Fv2%2Fcomments&post=91875"}],"version-history":[{"count":0,"href":"https:\/\/diarioregionaldigital.com.br\/index.php?rest_route=\/wp\/v2\/posts\/91875\/revisions"}],"wp:featuredmedia":[{"embeddable":true,"href":"https:\/\/diarioregionaldigital.com.br\/index.php?rest_route=\/wp\/v2\/media\/91864"}],"wp:attachment":[{"href":"https:\/\/diarioregionaldigital.com.br\/index.php?rest_route=%2Fwp%2Fv2%2Fmedia&parent=91875"}],"wp:term":[{"taxonomy":"category","embeddable":true,"href":"https:\/\/diarioregionaldigital.com.br\/index.php?rest_route=%2Fwp%2Fv2%2Fcategories&post=91875"},{"taxonomy":"post_tag","embeddable":true,"href":"https:\/\/diarioregionaldigital.com.br\/index.php?rest_route=%2Fwp%2Fv2%2Ftags&post=91875"}],"curies":[{"name":"wp","href":"https:\/\/api.w.org\/{rel}","templated":true}]}}