{"id":91863,"date":"2018-02-15T18:56:27","date_gmt":"2018-02-15T20:56:27","guid":{"rendered":"http:\/\/diarioregionaljf.com.br\/2018\/02\/15\/projeto-estabelece-politica-de-longo-prazo-para-reajuste-do-salario-minimo\/"},"modified":"2018-02-15T18:56:27","modified_gmt":"2018-02-15T20:56:27","slug":"projeto-estabelece-politica-de-longo-prazo-para-reajuste-do-salario-minimo","status":"publish","type":"post","link":"https:\/\/diarioregionaldigital.com.br\/?p=91863","title":{"rendered":"Projeto estabelece pol\u00edtica de longo prazo para reajuste do sal\u00e1rio m\u00ednimo"},"content":{"rendered":"<p>O Projeto de Lei 8169\/17, do deputado Iraj\u00e1 Abreu (PSD-TO), tramita na C\u00e2mara dos Deputados que estabelece pol\u00edtica de valoriza\u00e7\u00e3o do sal\u00e1rio-m\u00ednimo a longo prazo.<\/p>\n<p>Pela proposta, o reajuste ser\u00e1 calculado com base no crescimento da economia, medido pela varia\u00e7\u00e3o do Produto Interno Bruto (PIB) dois anos antes ou 6% ao ano, o que for maior; somado \u00e0 varia\u00e7\u00e3o da infla\u00e7\u00e3o apurada pelo \u00cdndice Nacional de Pre\u00e7os ao Consumidor (INPC) do ano anterior.<\/p>\n<p>A regra valer\u00e1 para os dez primeiros anos ap\u00f3s a proposta ser transformada em lei. Em caso de defla\u00e7\u00e3o, n\u00e3o ser\u00e1 usado o INPC.<\/p>\n<p>A partir do 10\u00ba ano de edi\u00e7\u00e3o da lei, o Executivo poder\u00e1 alterar a apura\u00e7\u00e3o do aumento real do sal\u00e1rio m\u00ednimo desde que seja, no m\u00ednimo, de 6% ao ano.<br \/>Atualmente, o reajuste do m\u00ednimo (Lei 13.152\/15) segue a varia\u00e7\u00e3o do PIB de dois anos, somado \u00e0 infla\u00e7\u00e3o e \u00e9 v\u00e1lido at\u00e9 2019.<\/p>\n<p>Caso as taxas de crescimento real do PIB sejam revistas pelo Instituto Brasileiro de Geografia e Estat\u00edstica (IBGE) para cima, a compensa\u00e7\u00e3o ser\u00e1 feita no aumento do ano seguinte, sem retroatividade.<\/p>\n<h4>&nbsp;<\/h4>\n<h4>CAPACIDADE DE CONSUMO<\/h4>\n<p>Para Abreu, a valoriza\u00e7\u00e3o insuficiente do sal\u00e1rio-m\u00ednimo pode prejudicar a capacidade de consumo da popula\u00e7\u00e3o e gerar reflexos negativos \u00e0s pr\u00f3prias empresas e \u00e0 recupera\u00e7\u00e3o econ\u00f4mica nacional.<\/p>\n<p>Uma das falhas da lei atual de valoriza\u00e7\u00e3o do sal\u00e1rio m\u00ednimo, segundo Abreu, foi n\u00e3o proteger os trabalhadores em casos de taxa negativa ou irris\u00f3ria do crescimento do PIB. \u201cUm ganho real nulo pode ser contraproducente para as pr\u00f3prias empresas, por contribuir para a persist\u00eancia da retra\u00e7\u00e3o do consumo das fam\u00edlias e retardar a recupera\u00e7\u00e3o da economia\u201d, disse.<\/p>\n<p>O projeto permite ainda que o Executivo conceda aumentos extraordin\u00e1rios do sal\u00e1rio-m\u00ednimo independente de previs\u00e3o legal. \u201cA aus\u00eancia de uma regra desse tipo representa um engessamento indevido \u00e0 regra de valoriza\u00e7\u00e3o do m\u00ednimo\u201d, afirmou Abreu.<\/p>\n<h4>&nbsp;<\/h4>\n<h4>TRAMITA\u00c7\u00c3O<\/h4>\n<p>A proposta tramita em car\u00e1ter conclusivo e ser\u00e1 analisada pelas comiss\u00f5es de Trabalho, de Administra\u00e7\u00e3o e Servi\u00e7o P\u00fablico; de Finan\u00e7as e Tributa\u00e7\u00e3o (inclusive quanto ao m\u00e9rito); e de Constitui\u00e7\u00e3o e Justi\u00e7a e de Cidadania.<\/p>\n<p>Fonte: Ag\u00eancia C\u00e2mara Not\u00edcias<\/p>\n","protected":false},"excerpt":{"rendered":"<p>O Projeto de Lei 8169\/17, do deputado Iraj\u00e1 Abreu (PSD-TO), tramita na C\u00e2mara dos Deputados que estabelece pol\u00edtica de valoriza\u00e7\u00e3o do sal\u00e1rio-m\u00ednimo a longo prazo. Pela proposta, o reajuste ser\u00e1 calculado com base no crescimento da economia, medido pela varia\u00e7\u00e3o do Produto Interno Bruto (PIB) dois anos antes ou 6% ao ano, o que for [&hellip;]<\/p>\n","protected":false},"author":96,"featured_media":91862,"comment_status":"closed","ping_status":"closed","sticky":false,"template":"","format":"standard","meta":{"footnotes":""},"categories":[254],"tags":[],"class_list":["post-91863","post","type-post","status-publish","format-standard","has-post-thumbnail","hentry","category-politica"],"_links":{"self":[{"href":"https:\/\/diarioregionaldigital.com.br\/index.php?rest_route=\/wp\/v2\/posts\/91863","targetHints":{"allow":["GET"]}}],"collection":[{"href":"https:\/\/diarioregionaldigital.com.br\/index.php?rest_route=\/wp\/v2\/posts"}],"about":[{"href":"https:\/\/diarioregionaldigital.com.br\/index.php?rest_route=\/wp\/v2\/types\/post"}],"author":[{"embeddable":true,"href":"https:\/\/diarioregionaldigital.com.br\/index.php?rest_route=\/wp\/v2\/users\/96"}],"replies":[{"embeddable":true,"href":"https:\/\/diarioregionaldigital.com.br\/index.php?rest_route=%2Fwp%2Fv2%2Fcomments&post=91863"}],"version-history":[{"count":0,"href":"https:\/\/diarioregionaldigital.com.br\/index.php?rest_route=\/wp\/v2\/posts\/91863\/revisions"}],"wp:featuredmedia":[{"embeddable":true,"href":"https:\/\/diarioregionaldigital.com.br\/index.php?rest_route=\/wp\/v2\/media\/91862"}],"wp:attachment":[{"href":"https:\/\/diarioregionaldigital.com.br\/index.php?rest_route=%2Fwp%2Fv2%2Fmedia&parent=91863"}],"wp:term":[{"taxonomy":"category","embeddable":true,"href":"https:\/\/diarioregionaldigital.com.br\/index.php?rest_route=%2Fwp%2Fv2%2Fcategories&post=91863"},{"taxonomy":"post_tag","embeddable":true,"href":"https:\/\/diarioregionaldigital.com.br\/index.php?rest_route=%2Fwp%2Fv2%2Ftags&post=91863"}],"curies":[{"name":"wp","href":"https:\/\/api.w.org\/{rel}","templated":true}]}}