{"id":91861,"date":"2018-02-15T18:45:15","date_gmt":"2018-02-15T20:45:15","guid":{"rendered":"http:\/\/diarioregionaljf.com.br\/2018\/02\/15\/proposta-proibe-partidos-de-mudar-de-nome-ou-sigla\/"},"modified":"2018-02-15T18:45:15","modified_gmt":"2018-02-15T20:45:15","slug":"proposta-proibe-partidos-de-mudar-de-nome-ou-sigla","status":"publish","type":"post","link":"https:\/\/diarioregionaldigital.com.br\/?p=91861","title":{"rendered":"Proposta pro\u00edbe partidos de mudar de nome ou sigla"},"content":{"rendered":"<p>Tramita na C\u00e2mara dos Deputados projeto de lei (PL 8546\/17) da deputada Maria do Ros\u00e1rio (PT-RS) que pro\u00edbe os partidos pol\u00edticos de mudarem de nome ou sigla ap\u00f3s o registro no Tribunal Superior Eleitoral (TSE), salvo nos casos de fus\u00e3o ou incorpora\u00e7\u00e3o partid\u00e1ria.<\/p>\n<p>A proposta altera a Lei dos Partidos Pol\u00edticos (Lei 9.096\/95). A deputada explica que o objetivo da proposta \u00e9 evitar que os partidos pol\u00edticos mudem de nome \u201ccom finalidades eleitoreiras, com o objetivo de escapar \u00e0 m\u00e1 fama que eventualmente possam ter adquirido\u201d.<\/p>\n<p>Segundo ela, o nome dos partidos \u00e9 a forma como a popula\u00e7\u00e3o consegue identificar a defesa de determinadas plataformas ou programas. Na opini\u00e3o da deputada, a mudan\u00e7a de nome dificulta a presta\u00e7\u00e3o de contas democr\u00e1tica e pode comprometer a credibilidade do sistema pol\u00edtico. Para a parlamentar, \u201cn\u00e3o basta apenas mudar o nome, e manter os mesmos pol\u00edticos, c\u00fapula partid\u00e1ria e, principalmente, manter as mesmas pr\u00e1ticas e ideias em a\u00e7\u00e3o\u201d.<\/p>\n<p>\u201cA principal consequ\u00eancia desse projeto ser\u00e1 contribuir para fortalecer o sistema partid\u00e1rio\u201d, concluiu Maria do Ros\u00e1rio.<\/p>\n<h4>&nbsp;<\/h4>\n<h4>TRAMITA\u00c7\u00c3O<\/h4>\n<p>O PL 8546\/17, que tramita em regime de prioridade e car\u00e1ter conclusivo, ser\u00e1 analisado pela Comiss\u00e3o de Constitui\u00e7\u00e3o e Justi\u00e7a e de Cidadania.<\/p>\n<p>Fonte: Ag\u00eancia C\u00e2mara Not\u00edcias<\/p>\n","protected":false},"excerpt":{"rendered":"<p>Tramita na C\u00e2mara dos Deputados projeto de lei (PL 8546\/17) da deputada Maria do Ros\u00e1rio (PT-RS) que pro\u00edbe os partidos pol\u00edticos de mudarem de nome ou sigla ap\u00f3s o registro no Tribunal Superior Eleitoral (TSE), salvo nos casos de fus\u00e3o ou incorpora\u00e7\u00e3o partid\u00e1ria. A proposta altera a Lei dos Partidos Pol\u00edticos (Lei 9.096\/95). A deputada [&hellip;]<\/p>\n","protected":false},"author":96,"featured_media":91860,"comment_status":"closed","ping_status":"closed","sticky":false,"template":"","format":"standard","meta":{"footnotes":""},"categories":[254],"tags":[],"class_list":["post-91861","post","type-post","status-publish","format-standard","has-post-thumbnail","hentry","category-politica"],"_links":{"self":[{"href":"https:\/\/diarioregionaldigital.com.br\/index.php?rest_route=\/wp\/v2\/posts\/91861","targetHints":{"allow":["GET"]}}],"collection":[{"href":"https:\/\/diarioregionaldigital.com.br\/index.php?rest_route=\/wp\/v2\/posts"}],"about":[{"href":"https:\/\/diarioregionaldigital.com.br\/index.php?rest_route=\/wp\/v2\/types\/post"}],"author":[{"embeddable":true,"href":"https:\/\/diarioregionaldigital.com.br\/index.php?rest_route=\/wp\/v2\/users\/96"}],"replies":[{"embeddable":true,"href":"https:\/\/diarioregionaldigital.com.br\/index.php?rest_route=%2Fwp%2Fv2%2Fcomments&post=91861"}],"version-history":[{"count":0,"href":"https:\/\/diarioregionaldigital.com.br\/index.php?rest_route=\/wp\/v2\/posts\/91861\/revisions"}],"wp:featuredmedia":[{"embeddable":true,"href":"https:\/\/diarioregionaldigital.com.br\/index.php?rest_route=\/wp\/v2\/media\/91860"}],"wp:attachment":[{"href":"https:\/\/diarioregionaldigital.com.br\/index.php?rest_route=%2Fwp%2Fv2%2Fmedia&parent=91861"}],"wp:term":[{"taxonomy":"category","embeddable":true,"href":"https:\/\/diarioregionaldigital.com.br\/index.php?rest_route=%2Fwp%2Fv2%2Fcategories&post=91861"},{"taxonomy":"post_tag","embeddable":true,"href":"https:\/\/diarioregionaldigital.com.br\/index.php?rest_route=%2Fwp%2Fv2%2Ftags&post=91861"}],"curies":[{"name":"wp","href":"https:\/\/api.w.org\/{rel}","templated":true}]}}