{"id":91859,"date":"2018-02-15T18:32:48","date_gmt":"2018-02-15T20:32:48","guid":{"rendered":"http:\/\/diarioregionaljf.com.br\/2018\/02\/15\/projeto-concede-porte-de-arma-a-seguranca-do-metro\/"},"modified":"2018-02-15T18:32:48","modified_gmt":"2018-02-15T20:32:48","slug":"projeto-concede-porte-de-arma-a-seguranca-do-metro","status":"publish","type":"post","link":"https:\/\/diarioregionaldigital.com.br\/?p=91859","title":{"rendered":"Projeto concede porte de arma \u00e0 seguran\u00e7a do metr\u00f4"},"content":{"rendered":"<p>Os agentes de seguran\u00e7a metrovi\u00e1ria poder\u00e3o ter porte de arma. A permiss\u00e3o est\u00e1 prevista no projeto de autoria do senador H\u00e9lio Jos\u00e9 (Pros-DF), que est\u00e1 em an\u00e1lise na Comiss\u00e3o de Constitui\u00e7\u00e3o, Justi\u00e7a e Cidadania (CCJ). A proposta (PLS 34\/2018) altera o Estatuto do Desarmamento (Lei 10.826\/2003) para estender aos agentes de seguran\u00e7a metrovi\u00e1ria a possibilidade de portar arma de fogo, como j\u00e1 \u00e9 autorizado para as carreiras de agentes prisionais e para as guardas portu\u00e1rias.<\/p>\n<p>H\u00e9lio Jos\u00e9 argumenta que os metr\u00f4s das grandes cidades brasileiras t\u00eam sido palco de crimes que v\u00e3o de furtos a homic\u00eddios e, \u00e0s vezes, v\u00eam sendo usados como meio r\u00e1pido de fuga para os criminosos. Com isso, segundo o senador, as centenas de milhares de pessoas que utilizam diariamente os metr\u00f4s se sentem cada vez menos seguras.<\/p>\n<p>O senador ressalta que a legisla\u00e7\u00e3o que rege a seguran\u00e7a metrovi\u00e1ria (Lei 6.149\/1974) permite aos agentes atividades como vigil\u00e2ncia, a\u00e7\u00f5es de manuten\u00e7\u00e3o da ordem, colabora\u00e7\u00e3o com a pol\u00edcia e at\u00e9 pris\u00e3o em flagrante e, mesmo assim, o Estatuto do Desarmamento n\u00e3o concede a eles o porte de arma. Na vis\u00e3o de H\u00e9lio Jos\u00e9, essa proibi\u00e7\u00e3o \u00e9 uma contradi\u00e7\u00e3o, pois \u201cquem d\u00e1 a miss\u00e3o d\u00e1 os meios\u201d. O projeto seria, assim, uma forma de ajustar a lei e colaborar com mais seguran\u00e7a para os agentes e para os usu\u00e1rios.<\/p>\n<p>O projeto receber\u00e1 decis\u00e3o terminativa na CCJ. Se for aprovado e n\u00e3o houver recurso para sua an\u00e1lise pelo Plen\u00e1rio do Senado, poder\u00e1 seguir para a C\u00e2mara dos Deputados.<\/p>\n<p>Fonte: Ag\u00eancia Senado<\/p>\n","protected":false},"excerpt":{"rendered":"<p>Os agentes de seguran\u00e7a metrovi\u00e1ria poder\u00e3o ter porte de arma. A permiss\u00e3o est\u00e1 prevista no projeto de autoria do senador H\u00e9lio Jos\u00e9 (Pros-DF), que est\u00e1 em an\u00e1lise na Comiss\u00e3o de Constitui\u00e7\u00e3o, Justi\u00e7a e Cidadania (CCJ). A proposta (PLS 34\/2018) altera o Estatuto do Desarmamento (Lei 10.826\/2003) para estender aos agentes de seguran\u00e7a metrovi\u00e1ria a possibilidade [&hellip;]<\/p>\n","protected":false},"author":96,"featured_media":91858,"comment_status":"closed","ping_status":"closed","sticky":false,"template":"","format":"standard","meta":{"footnotes":""},"categories":[254],"tags":[],"class_list":["post-91859","post","type-post","status-publish","format-standard","has-post-thumbnail","hentry","category-politica"],"_links":{"self":[{"href":"https:\/\/diarioregionaldigital.com.br\/index.php?rest_route=\/wp\/v2\/posts\/91859","targetHints":{"allow":["GET"]}}],"collection":[{"href":"https:\/\/diarioregionaldigital.com.br\/index.php?rest_route=\/wp\/v2\/posts"}],"about":[{"href":"https:\/\/diarioregionaldigital.com.br\/index.php?rest_route=\/wp\/v2\/types\/post"}],"author":[{"embeddable":true,"href":"https:\/\/diarioregionaldigital.com.br\/index.php?rest_route=\/wp\/v2\/users\/96"}],"replies":[{"embeddable":true,"href":"https:\/\/diarioregionaldigital.com.br\/index.php?rest_route=%2Fwp%2Fv2%2Fcomments&post=91859"}],"version-history":[{"count":0,"href":"https:\/\/diarioregionaldigital.com.br\/index.php?rest_route=\/wp\/v2\/posts\/91859\/revisions"}],"wp:featuredmedia":[{"embeddable":true,"href":"https:\/\/diarioregionaldigital.com.br\/index.php?rest_route=\/wp\/v2\/media\/91858"}],"wp:attachment":[{"href":"https:\/\/diarioregionaldigital.com.br\/index.php?rest_route=%2Fwp%2Fv2%2Fmedia&parent=91859"}],"wp:term":[{"taxonomy":"category","embeddable":true,"href":"https:\/\/diarioregionaldigital.com.br\/index.php?rest_route=%2Fwp%2Fv2%2Fcategories&post=91859"},{"taxonomy":"post_tag","embeddable":true,"href":"https:\/\/diarioregionaldigital.com.br\/index.php?rest_route=%2Fwp%2Fv2%2Ftags&post=91859"}],"curies":[{"name":"wp","href":"https:\/\/api.w.org\/{rel}","templated":true}]}}