{"id":91857,"date":"2018-02-15T17:21:24","date_gmt":"2018-02-15T19:21:24","guid":{"rendered":"http:\/\/diarioregionaljf.com.br\/2018\/02\/15\/campanha-das-nacoes-unidas-quer-reduzir-o-uso-de-plasticos-em-todo-o-mundo\/"},"modified":"2018-02-15T17:21:24","modified_gmt":"2018-02-15T19:21:24","slug":"campanha-das-nacoes-unidas-quer-reduzir-o-uso-de-plasticos-em-todo-o-mundo","status":"publish","type":"post","link":"https:\/\/diarioregionaldigital.com.br\/?p=91857","title":{"rendered":"Campanha das Na\u00e7\u00f5es Unidas quer reduzir o uso de pl\u00e1sticos em todo o mundo"},"content":{"rendered":"<p>Aproveitando que v\u00e1rios pa\u00edses celebraram nesse 14 de fevereiro o Dia dos Namorados (Valentine&#8217;s Day, em ingl\u00eas, tamb\u00e9m conhecido como Festa de S\u00e3o Valentim) o Programa das Na\u00e7\u00f5es Unidas para o Meio Ambiente (Pnuma) lan\u00e7ou uma campanha pedindo a redu\u00e7\u00e3o do uso de pl\u00e1sticos a n\u00edvel global, no que classifica de um \u201crelacionamento t\u00f3xico\u201d.<\/p>\n<p>Segundo a ag\u00eancia da ONU, cerca de 8 milh\u00f5es de toneladas desse material n\u00e3o degrad\u00e1vel v\u00e3o parar nos oceanos todos os anos, causando um problema s\u00e9rio para a vida marinha. Apenas em 2015, o mundo produziu 322 milh\u00f5es de toneladas de pl\u00e1stico, quantidade suficiente para erguer 900 pr\u00e9dios do tamanho do edif\u00edcio Empire State, que fica em Nova York.<\/p>\n<p>O Pnuma faz um apelo para que todos deixem de usar sacolas e garrafas de pl\u00e1stico, utens\u00edlios descart\u00e1veis e potes para armazenar comida. E diz que a depend\u00eancia que as pessoas t\u00eam com o pl\u00e1stico se configura numa verdadeira \u201crela\u00e7\u00e3o t\u00f3xica\u201d.<\/p>\n<p>Os produtos de pl\u00e1stico s\u00e3o altamente nocivos para o meio ambiente e acabam nos mares e oceanos, prejudicando peixes, p\u00e1ssaros e tartarugas, que ficam enroscados ou se alimentam do pl\u00e1stico.<\/p>\n<h4>&nbsp;<\/h4>\n<h4>\u201cNOVO AMOR\u201d<\/h4>\n<p>Como parte da campanha Mares Limpos, o Pnuma lan\u00e7ou o v\u00eddeo \u201cN\u00e3o sou eu, \u00e9 voc\u00ea\u201d, onde a personagem Sandra termina o seu relacionamento com produtos de pl\u00e1stico e encontra um \u201cnovo amor\u201d em sacolas e garrafas reutiliz\u00e1veis.<\/p>\n<p>A Organiza\u00e7\u00e3o das Na\u00e7\u00f5es Unidas para a Educa\u00e7\u00e3o, a Ci\u00eancia e a Cultura (Unesco) tamb\u00e9m est\u00e1 aproveitando a passagem do Dia dos Namorados pedindo \u00e0s pessoas para demonstrarem seu amor pelos oceanos nas redes sociais, utilizando a hashtag #LovetheOcean.<\/p>\n<p>Conservar os oceanos e os recursos marinhos \u00e9 um dos Objetivos de Desenvolvimento Sustent\u00e1vel (ODS) das Na\u00e7\u00f5es Unidas, que integra a Agenda 2030 da ONU que re\u00fane 17 objetivos globais e mais de 160 metas a serem atingidas ao longo da pr\u00f3xima d\u00e9cada em todo o planeta.<\/p>\n<p>Fonte: Ag\u00eancia Brasil<\/p>\n","protected":false},"excerpt":{"rendered":"<p>Aproveitando que v\u00e1rios pa\u00edses celebraram nesse 14 de fevereiro o Dia dos Namorados (Valentine&#8217;s Day, em ingl\u00eas, tamb\u00e9m conhecido como Festa de S\u00e3o Valentim) o Programa das Na\u00e7\u00f5es Unidas para o Meio Ambiente (Pnuma) lan\u00e7ou uma campanha pedindo a redu\u00e7\u00e3o do uso de pl\u00e1sticos a n\u00edvel global, no que classifica de um \u201crelacionamento t\u00f3xico\u201d. Segundo [&hellip;]<\/p>\n","protected":false},"author":96,"featured_media":91856,"comment_status":"closed","ping_status":"closed","sticky":false,"template":"","format":"standard","meta":{"footnotes":""},"categories":[302],"tags":[],"class_list":["post-91857","post","type-post","status-publish","format-standard","has-post-thumbnail","hentry","category-brasil-mundo"],"_links":{"self":[{"href":"https:\/\/diarioregionaldigital.com.br\/index.php?rest_route=\/wp\/v2\/posts\/91857","targetHints":{"allow":["GET"]}}],"collection":[{"href":"https:\/\/diarioregionaldigital.com.br\/index.php?rest_route=\/wp\/v2\/posts"}],"about":[{"href":"https:\/\/diarioregionaldigital.com.br\/index.php?rest_route=\/wp\/v2\/types\/post"}],"author":[{"embeddable":true,"href":"https:\/\/diarioregionaldigital.com.br\/index.php?rest_route=\/wp\/v2\/users\/96"}],"replies":[{"embeddable":true,"href":"https:\/\/diarioregionaldigital.com.br\/index.php?rest_route=%2Fwp%2Fv2%2Fcomments&post=91857"}],"version-history":[{"count":0,"href":"https:\/\/diarioregionaldigital.com.br\/index.php?rest_route=\/wp\/v2\/posts\/91857\/revisions"}],"wp:featuredmedia":[{"embeddable":true,"href":"https:\/\/diarioregionaldigital.com.br\/index.php?rest_route=\/wp\/v2\/media\/91856"}],"wp:attachment":[{"href":"https:\/\/diarioregionaldigital.com.br\/index.php?rest_route=%2Fwp%2Fv2%2Fmedia&parent=91857"}],"wp:term":[{"taxonomy":"category","embeddable":true,"href":"https:\/\/diarioregionaldigital.com.br\/index.php?rest_route=%2Fwp%2Fv2%2Fcategories&post=91857"},{"taxonomy":"post_tag","embeddable":true,"href":"https:\/\/diarioregionaldigital.com.br\/index.php?rest_route=%2Fwp%2Fv2%2Ftags&post=91857"}],"curies":[{"name":"wp","href":"https:\/\/api.w.org\/{rel}","templated":true}]}}