{"id":91853,"date":"2018-02-15T17:10:05","date_gmt":"2018-02-15T19:10:05","guid":{"rendered":"http:\/\/diarioregionaljf.com.br\/2018\/02\/15\/maduro-nao-sera-bem-vindo-a-cupula-das-americas-diz-governo-peruano\/"},"modified":"2018-02-15T17:10:05","modified_gmt":"2018-02-15T19:10:05","slug":"maduro-nao-sera-bem-vindo-a-cupula-das-americas-diz-governo-peruano","status":"publish","type":"post","link":"https:\/\/diarioregionaldigital.com.br\/?p=91853","title":{"rendered":"Maduro n\u00e3o ser\u00e1 bem-vindo \u00e0 C\u00fapula das Am\u00e9ricas, diz governo peruano"},"content":{"rendered":"<p>O governo peruano anunciou que o presidente da Venezuela, Nicol\u00e1s Maduro, n\u00e3o ser\u00e1 bem-vindo \u00e0 pr\u00f3xima C\u00fapula das Am\u00e9ricas, evento que acontecer\u00e1 em Lima em 13 e 14 de abril.<\/p>\n<p>O recha\u00e7o oficial foi primeiramente anunciado pela ministra peruana de Rela\u00e7\u00f5es Exteriores, Cayetana Aljov\u00edn, logo ap\u00f3s uma reuni\u00e3o em que os representantes dos pa\u00edses-membros do chamado Grupo de Lima discutiram a situa\u00e7\u00e3o pol\u00edtica na Venezuela e a decis\u00e3o do Conselho Nacional Eleitoral da Venezuela de antecipar as pr\u00f3ximas elei\u00e7\u00f5es presidenciais para 22 de abril.<\/p>\n<p>Na sequ\u00eancia, o presidente Pedro Pablo Kuczynski usou sua conta pessoal para refor\u00e7ar a posi\u00e7\u00e3o. \u201cConsiderando a atual situa\u00e7\u00e3o na Venezuela, meu governo decidiu que a presen\u00e7a do presidente Maduro na 8\u00aa C\u00fapula das Am\u00e9ricas j\u00e1 n\u00e3o \u00e9 bem-vinda\u201d, escreveu Kuczynski, acrescentando contar com o respaldo do Grupo de Lima. A Declara\u00e7\u00e3o de Quebec, assinada em 2001 na C\u00fapula da Organiza\u00e7\u00e3o dos Estados Americanos (OEA), reafirma os esfor\u00e7os pela integra\u00e7\u00e3o regional, tamb\u00e9m respalda a decis\u00e3o, segundo o l\u00edder peruano.<\/p>\n<p>\u201cEste documento assinala que qualquer altera\u00e7\u00e3o ou ruptura inconstitucional da ordem democr\u00e1tica em um Estado [membro] \u00e9 um obst\u00e1culo insuper\u00e1vel para que este participe de qualquer [fase] da C\u00fapula das Am\u00e9ricas\u201d, acrescentou Kuczynski.<\/p>\n<h4>&nbsp;<\/h4>\n<h4>C\u00daPULA DE LIMA<\/h4>\n<p>Em uma declara\u00e7\u00e3o conjunta, os representantes da Argentina, Brasil, Canad\u00e1, Chile, Col\u00f4mbia, Costa Rica, Guatemala, Guiana, Honduras, M\u00e9xico, Panam\u00e1, Paraguai, Peru e Santa L\u00facia presentes \u00e0 reuni\u00e3o do Gupo de Lima recha\u00e7aram a decis\u00e3o da Venezuela de antecipar as elei\u00e7\u00f5es presidenciais, sem que um acordo houvesse sido alcan\u00e7ado com a oposi\u00e7\u00e3o pol\u00edtica.<\/p>\n<p>Para os signat\u00e1rios da nota, a decis\u00e3o \u201cimpossibilita a realiza\u00e7\u00e3o de elei\u00e7\u00f5es presidenciais democr\u00e1ticas, transparentes, confi\u00e1veis, com a participa\u00e7\u00e3o de todos os atores pol\u00edticos venezuelanos e com observa\u00e7\u00e3o e padr\u00f5es internacionais\u201d.<\/p>\n<p>Para os representantes dos diversos pa\u00edses do continente americano reunidos na capital peruana, qualquer que seja o resultado, uma elei\u00e7\u00e3o realizada nestas circunst\u00e2ncias carecer\u00e1 de \u201clegitimidade e credibilidade\u201d.<\/p>\n<p>\u201cN\u00e3o pode haver elei\u00e7\u00f5es livres e justas com presos pol\u00edticos, sem a plena participa\u00e7\u00e3o dos partidos pol\u00edticos e l\u00edderes presos ou inabilitados arbitrariamente, com uma autoridade eleitoral controlada pelo governo, sem a participa\u00e7\u00e3o de milh\u00f5es de venezuelanos que, no exterior, [est\u00e3o] impossibilitados de votar\u201d, acrescentam os chanceleres e representantes dos 14 pa\u00edses, para quem o governo venezuelano deveria reconsiderar a convocat\u00f3ria das elei\u00e7\u00f5es presidenciais.<\/p>\n<p>O documento tamb\u00e9m assinala a preocupa\u00e7\u00e3o do grupo com o que classifica como \u201ca crescente deteriora\u00e7\u00e3o da situa\u00e7\u00e3o humanit\u00e1ria\u201d na Venezuela, a cujo governo incita que permita a abertura de um \u201ccorredor humanit\u00e1rio que ajude a mitigar os graves efeitos do desabastecimento de alimentos e de rem\u00e9dios\u201d.<\/p>\n<p>Ao chegar \u00e0 reuni\u00e3o, o chanceler chileno afirmou que o objetivo do encontro era &#8220;passar uma mensagem muito clara do que pensa a maioria da comunidade latino-americana que est\u00e1 reunida neste Grupo de Lima&#8221; sobre as pr\u00f3ximas elei\u00e7\u00f5es, nas quais o presidente da Venezuela, Nicol\u00e1s Maduro, tentar\u00e1 a reelei\u00e7\u00e3o. \u201cAs elei\u00e7\u00f5es que Maduro convocou unilateralmente n\u00e3o cumprem com nenhuma das condi\u00e7\u00f5es nem garantias de uma elei\u00e7\u00e3o democr\u00e1tica, livre e transparente&#8221;, disse Mu\u00f1oz.<\/p>\n<p>Em janeiro, o Grupo de Lima j\u00e1 tinha manifestado sua rejei\u00e7\u00e3o \u00e0 convoca\u00e7\u00e3o de elei\u00e7\u00f5es antecipadas na Venezuela, por considerar que n\u00e3o h\u00e1 garantias de um processo adequado.<\/p>\n<p>Fonte: Ag\u00eancia Brasil<\/p>\n","protected":false},"excerpt":{"rendered":"<p>O governo peruano anunciou que o presidente da Venezuela, Nicol\u00e1s Maduro, n\u00e3o ser\u00e1 bem-vindo \u00e0 pr\u00f3xima C\u00fapula das Am\u00e9ricas, evento que acontecer\u00e1 em Lima em 13 e 14 de abril. O recha\u00e7o oficial foi primeiramente anunciado pela ministra peruana de Rela\u00e7\u00f5es Exteriores, Cayetana Aljov\u00edn, logo ap\u00f3s uma reuni\u00e3o em que os representantes dos pa\u00edses-membros do [&hellip;]<\/p>\n","protected":false},"author":96,"featured_media":91852,"comment_status":"closed","ping_status":"closed","sticky":false,"template":"","format":"standard","meta":{"footnotes":""},"categories":[302],"tags":[],"class_list":["post-91853","post","type-post","status-publish","format-standard","has-post-thumbnail","hentry","category-brasil-mundo"],"_links":{"self":[{"href":"https:\/\/diarioregionaldigital.com.br\/index.php?rest_route=\/wp\/v2\/posts\/91853","targetHints":{"allow":["GET"]}}],"collection":[{"href":"https:\/\/diarioregionaldigital.com.br\/index.php?rest_route=\/wp\/v2\/posts"}],"about":[{"href":"https:\/\/diarioregionaldigital.com.br\/index.php?rest_route=\/wp\/v2\/types\/post"}],"author":[{"embeddable":true,"href":"https:\/\/diarioregionaldigital.com.br\/index.php?rest_route=\/wp\/v2\/users\/96"}],"replies":[{"embeddable":true,"href":"https:\/\/diarioregionaldigital.com.br\/index.php?rest_route=%2Fwp%2Fv2%2Fcomments&post=91853"}],"version-history":[{"count":0,"href":"https:\/\/diarioregionaldigital.com.br\/index.php?rest_route=\/wp\/v2\/posts\/91853\/revisions"}],"wp:featuredmedia":[{"embeddable":true,"href":"https:\/\/diarioregionaldigital.com.br\/index.php?rest_route=\/wp\/v2\/media\/91852"}],"wp:attachment":[{"href":"https:\/\/diarioregionaldigital.com.br\/index.php?rest_route=%2Fwp%2Fv2%2Fmedia&parent=91853"}],"wp:term":[{"taxonomy":"category","embeddable":true,"href":"https:\/\/diarioregionaldigital.com.br\/index.php?rest_route=%2Fwp%2Fv2%2Fcategories&post=91853"},{"taxonomy":"post_tag","embeddable":true,"href":"https:\/\/diarioregionaldigital.com.br\/index.php?rest_route=%2Fwp%2Fv2%2Ftags&post=91853"}],"curies":[{"name":"wp","href":"https:\/\/api.w.org\/{rel}","templated":true}]}}