{"id":91849,"date":"2018-02-15T15:51:12","date_gmt":"2018-02-15T17:51:12","guid":{"rendered":"http:\/\/diarioregionaljf.com.br\/2018\/02\/15\/queda-durante-treino-tira-snowboarder-brasileira-dos-jogos-olimpicos-de-inverno\/"},"modified":"2018-02-15T15:51:12","modified_gmt":"2018-02-15T17:51:12","slug":"queda-durante-treino-tira-snowboarder-brasileira-dos-jogos-olimpicos-de-inverno","status":"publish","type":"post","link":"https:\/\/diarioregionaldigital.com.br\/?p=91849","title":{"rendered":"Queda durante treino tira snowboarder brasileira dos Jogos Ol\u00edmpicos de Inverno"},"content":{"rendered":"<p>A snowboarder carioca Isabel Clark est\u00e1 fora dos Jogos Ol\u00edmpicos de Inverno de 2018, disputados em PyeongChang, na Coreia do Sul. Segundo o Comit\u00ea Ol\u00edmpico Brasileiro (COB), a atleta continua sentindo dores no joelho e no calcanhar direitos e n\u00e3o tem condi\u00e7\u00f5es de disputar a prova de snowboard cross marcada para as 23 horas de hoje, 15.<\/p>\n<p>Nessa quarta-feira, 14, Isabel caiu durante os treinos oficiais na pista de Phoenix Snow Park, em um momento em que o vento forte prejudicou v\u00e1rias competidoras. A atleta passou por exames que n\u00e3o identificaram nenhuma fratura, mas como as dores persistiam mesmo ap\u00f3s o repouso e tratamento inicial, Isabel n\u00e3o conseguiu passar pelos testes que simulariam os movimentos que ela teria que executar durante a competi\u00e7\u00e3o.<\/p>\n<p>Aos 41 anos, a brasileira j\u00e1 tinha anunciado que esta seria sua \u00faltima participa\u00e7\u00e3o em uma Olimp\u00edada. \u201cEstou triste porque lutei muito para disputar esses jogos [ol\u00edmpicos] durante os dois \u00faltimos meses. Mas tenho que preservar a minha integridade f\u00edsica e buscar me recuperar completamente\u201d, lamentou Isabel, alegando que, apesar da forte dor no calcanhar, sente que est\u00e1 melhorando.<\/p>\n<p>De acordo com o COB, Isabel \u00e9 respons\u00e1vel pelo melhor resultado brasileiro em Jogos Ol\u00edmpicos de Inverno \u2013 a nona coloca\u00e7\u00e3o obtida em Turim 2006. A carioca participou tamb\u00e9m dos Jogos de Vancouver 2010 e de Sochi 2014.<\/p>\n<p>Ao todo, nove atletas brasileiros est\u00e3o disputando os jogos ol\u00edmpicos de PyeongChang: Erick Vianna; Rafael Souza; Odirlei Pessoni; Edson Bindilatti e Edson Martins integram a equipe de bobsled (esp\u00e9cie de corrida de tren\u00f3 sobre o gelo); Isadora Williams (patina\u00e7\u00e3o art\u00edstica); Michel Macedo (esqui alpino); Jaqueline Mour\u00e3o (esqui cross-country) e Victor Santos (esqui cross-country).<\/p>\n<hr \/>\n<p>&nbsp;Fonte: Ag\u00eancia Brasil<\/p>\n","protected":false},"excerpt":{"rendered":"<p>A snowboarder carioca Isabel Clark est\u00e1 fora dos Jogos Ol\u00edmpicos de Inverno de 2018, disputados em PyeongChang, na Coreia do Sul. Segundo o Comit\u00ea Ol\u00edmpico Brasileiro (COB), a atleta continua sentindo dores no joelho e no calcanhar direitos e n\u00e3o tem condi\u00e7\u00f5es de disputar a prova de snowboard cross marcada para as 23 horas de [&hellip;]<\/p>\n","protected":false},"author":96,"featured_media":91848,"comment_status":"closed","ping_status":"closed","sticky":false,"template":"","format":"standard","meta":{"footnotes":""},"categories":[257],"tags":[],"class_list":["post-91849","post","type-post","status-publish","format-standard","has-post-thumbnail","hentry","category-esporte"],"_links":{"self":[{"href":"https:\/\/diarioregionaldigital.com.br\/index.php?rest_route=\/wp\/v2\/posts\/91849","targetHints":{"allow":["GET"]}}],"collection":[{"href":"https:\/\/diarioregionaldigital.com.br\/index.php?rest_route=\/wp\/v2\/posts"}],"about":[{"href":"https:\/\/diarioregionaldigital.com.br\/index.php?rest_route=\/wp\/v2\/types\/post"}],"author":[{"embeddable":true,"href":"https:\/\/diarioregionaldigital.com.br\/index.php?rest_route=\/wp\/v2\/users\/96"}],"replies":[{"embeddable":true,"href":"https:\/\/diarioregionaldigital.com.br\/index.php?rest_route=%2Fwp%2Fv2%2Fcomments&post=91849"}],"version-history":[{"count":0,"href":"https:\/\/diarioregionaldigital.com.br\/index.php?rest_route=\/wp\/v2\/posts\/91849\/revisions"}],"wp:featuredmedia":[{"embeddable":true,"href":"https:\/\/diarioregionaldigital.com.br\/index.php?rest_route=\/wp\/v2\/media\/91848"}],"wp:attachment":[{"href":"https:\/\/diarioregionaldigital.com.br\/index.php?rest_route=%2Fwp%2Fv2%2Fmedia&parent=91849"}],"wp:term":[{"taxonomy":"category","embeddable":true,"href":"https:\/\/diarioregionaldigital.com.br\/index.php?rest_route=%2Fwp%2Fv2%2Fcategories&post=91849"},{"taxonomy":"post_tag","embeddable":true,"href":"https:\/\/diarioregionaldigital.com.br\/index.php?rest_route=%2Fwp%2Fv2%2Ftags&post=91849"}],"curies":[{"name":"wp","href":"https:\/\/api.w.org\/{rel}","templated":true}]}}