{"id":91845,"date":"2018-02-15T15:43:30","date_gmt":"2018-02-15T17:43:30","guid":{"rendered":"http:\/\/diarioregionaljf.com.br\/2018\/02\/15\/temer-visita-obras-do-projeto-sirius-no-interior-de-sao-paulo\/"},"modified":"2018-02-15T15:43:30","modified_gmt":"2018-02-15T17:43:30","slug":"temer-visita-obras-do-projeto-sirius-no-interior-de-sao-paulo","status":"publish","type":"post","link":"https:\/\/diarioregionaldigital.com.br\/?p=91845","title":{"rendered":"Temer visita obras do projeto Sirius, no interior de S\u00e3o Paulo"},"content":{"rendered":"<p>O presidente Michel Temer visitou hoje, 15, o canteiro de obras do Projeto Sirius, do Centro Nacional de Pesquisa em Energia e Materiais, onde est\u00e1 sendo constru\u00eddo o acelerador de el\u00e9trons com alt\u00edssimo brilho, em Campinas, no interior do estado de S\u00e3o Paulo.<\/p>\n<p>\u201cAcabamos de conhecer um projeto extraordin\u00e1rio. Tecnologia avan\u00e7ad\u00edssima, recebemos todos uma explica\u00e7\u00e3o muito adequada, muito competente deste projeto. Isso revela as potencialidades do pa\u00eds\u201d, declarou o presidente ap\u00f3s a visita. \u201cEste fato tem que ser divulgado, n\u00e3o s\u00f3 para o Brasil, para que os brasileiros tenham mais orgulho da sua p\u00e1tria, mas transmitido para o exterior\u201d, completou.<\/p>\n<p>O acelerador, em constru\u00e7\u00e3o desde dezembro de 2014, est\u00e1 com 80% das obras conclu\u00eddas e tem como previs\u00e3o come\u00e7ar a funcionar no segundo semestre desse ano e conclus\u00e3o total prevista para 2020. Com 500 metros de circunfer\u00eancia, no interior de um edif\u00edcio de 68 metros quadrados, o acelerador ser\u00e1 a maior e mais complexa estrutura cient\u00edfica do Brasil.<\/p>\n<p>O projeto tem apoio financeiro do Minist\u00e9rio da Ci\u00eancia, Tecnologia, Inova\u00e7\u00f5es e Comunica\u00e7\u00f5es, de R$ 1,8 bilh\u00e3o. Assim que for entregue, o Sirius ser\u00e1 aberto \u00e0 comunidade cient\u00edfica do pa\u00eds e do mundo. O equipamento gerar\u00e1 radia\u00e7\u00e3o, com uma luz sincrotron, de alt\u00edssimo brilho, capaz de penetrar materiais e fazer descobertas na escala dos \u00e1tomos e das mol\u00e9culas. A tecnologia vai trazer avan\u00e7os nas \u00e1reas de nanotecnologia, sa\u00fade, agricultura, energia, entre outros.<\/p>\n<hr \/>\n<p>&nbsp;Fonte: Ag\u00eancia Brasil<\/p>\n","protected":false},"excerpt":{"rendered":"<p>O presidente Michel Temer visitou hoje, 15, o canteiro de obras do Projeto Sirius, do Centro Nacional de Pesquisa em Energia e Materiais, onde est\u00e1 sendo constru\u00eddo o acelerador de el\u00e9trons com alt\u00edssimo brilho, em Campinas, no interior do estado de S\u00e3o Paulo. \u201cAcabamos de conhecer um projeto extraordin\u00e1rio. Tecnologia avan\u00e7ad\u00edssima, recebemos todos uma explica\u00e7\u00e3o [&hellip;]<\/p>\n","protected":false},"author":96,"featured_media":91844,"comment_status":"closed","ping_status":"closed","sticky":false,"template":"","format":"standard","meta":{"footnotes":""},"categories":[254],"tags":[],"class_list":["post-91845","post","type-post","status-publish","format-standard","has-post-thumbnail","hentry","category-politica"],"_links":{"self":[{"href":"https:\/\/diarioregionaldigital.com.br\/index.php?rest_route=\/wp\/v2\/posts\/91845","targetHints":{"allow":["GET"]}}],"collection":[{"href":"https:\/\/diarioregionaldigital.com.br\/index.php?rest_route=\/wp\/v2\/posts"}],"about":[{"href":"https:\/\/diarioregionaldigital.com.br\/index.php?rest_route=\/wp\/v2\/types\/post"}],"author":[{"embeddable":true,"href":"https:\/\/diarioregionaldigital.com.br\/index.php?rest_route=\/wp\/v2\/users\/96"}],"replies":[{"embeddable":true,"href":"https:\/\/diarioregionaldigital.com.br\/index.php?rest_route=%2Fwp%2Fv2%2Fcomments&post=91845"}],"version-history":[{"count":0,"href":"https:\/\/diarioregionaldigital.com.br\/index.php?rest_route=\/wp\/v2\/posts\/91845\/revisions"}],"wp:featuredmedia":[{"embeddable":true,"href":"https:\/\/diarioregionaldigital.com.br\/index.php?rest_route=\/wp\/v2\/media\/91844"}],"wp:attachment":[{"href":"https:\/\/diarioregionaldigital.com.br\/index.php?rest_route=%2Fwp%2Fv2%2Fmedia&parent=91845"}],"wp:term":[{"taxonomy":"category","embeddable":true,"href":"https:\/\/diarioregionaldigital.com.br\/index.php?rest_route=%2Fwp%2Fv2%2Fcategories&post=91845"},{"taxonomy":"post_tag","embeddable":true,"href":"https:\/\/diarioregionaldigital.com.br\/index.php?rest_route=%2Fwp%2Fv2%2Ftags&post=91845"}],"curies":[{"name":"wp","href":"https:\/\/api.w.org\/{rel}","templated":true}]}}