{"id":91841,"date":"2018-02-15T15:28:12","date_gmt":"2018-02-15T17:28:12","guid":{"rendered":"http:\/\/diarioregionaljf.com.br\/2018\/02\/15\/policia-civil-de-leopoldina-prende-suspeito-e-recupera-veiculo-roubado-em-sao-joao-de-meriti\/"},"modified":"2018-02-15T15:28:12","modified_gmt":"2018-02-15T17:28:12","slug":"policia-civil-de-leopoldina-prende-suspeito-e-recupera-veiculo-roubado-em-sao-joao-de-meriti","status":"publish","type":"post","link":"https:\/\/diarioregionaldigital.com.br\/?p=91841","title":{"rendered":"Pol\u00edcia Civil de Leopoldina prende suspeito e recupera ve\u00edculo roubado em S\u00e3o Jo\u00e3o de Meriti"},"content":{"rendered":"<p>A Pol\u00edcia Civil de Leopoldina prendeu nesta quarta-feira, 14, um homem na Vila de S\u00e3o Martinho, sob suspeita de recepta\u00e7\u00e3o de uma caminhonete VW\/Saveiro e furto de duas bicicletas. De acordo com as informa\u00e7\u00f5es obtidas pela reportagem, a caminhonete Saveiro de cor azul, que foi utilizada no s\u00e1bado, 3, para praticar o furto das bicicletas que estavam no estacionamento de um supermercado em Leopoldina foi apreendida pelos policiais. Uma das bicicletas furtadas tamb\u00e9m foi recuperada.<\/p>\n<p>O furto foi registrado pelas c\u00e2meras de seguran\u00e7a do supermercado. Na ocasi\u00e3o, a Pol\u00edcia Militar foi acionada e apesar de intenso rastreamento, o autor n\u00e3o foi localizado. As imagens do sistema de seguran\u00e7a do supermercado revelaram que uma caminhonete estava no seu estacionamento e ap\u00f3s deixar aquela \u00e1rea, seu condutor parou o autom\u00f3vel na rua, voltou ao estacionamento e furtou as duas bicicletas que estavam juntas, trancadas, colocando-as na carroceria do ve\u00edculo e deixando o local.<\/p>\n<p>A Pol\u00edcia Civil iniciou as investiga\u00e7\u00f5es, comandadas pelo Delegado Titular da Delegacia de Furtos e Roubos de Leopoldina, Dr. Rafael Sporck. Os Investigadores Saimon e Carol, da 3\u00aa Delegacia Regional de Pol\u00edcia Civil de Leopoldina se empenharam e conseguiram identificar que o ve\u00edculo Saveiro havia sido roubado\/furtado em S\u00e3o Jo\u00e3o de Meriti, no Rio de Janeiro.<\/p>\n<p>Nesta quarta-feira, 14, ap\u00f3s receber informa\u00e7\u00f5es de que o ve\u00edculo estaria na Vila de S\u00e3o Martinho, uma equipe da Pol\u00edcia Civil, composta pelo Inspetor Silveira e os Investigadores Saimon e Carol, se dirigiu ao local, onde se depararam com a caminhonete em uma oficina e localizaram o dono do ve\u00edculo, que informou aos policiais que o carro estava sem os documentos quando o comprou.<\/p>\n<p>Uma das bicicletas furtadas estava com o indiv\u00edduo e tamb\u00e9m foi recuperada pela Pol\u00edcia. Segundo as informa\u00e7\u00f5es, a outra bicicleta teria sido vendida pelo homem em Al\u00e9m Para\u00edba.<\/p>\n<p>O suspeito de recepta\u00e7\u00e3o e furto foi preso e conduzido para a Delegacia de Pol\u00edcia Civil de Leopoldina, onde foi apresentado \u00e0 Delegada de Plant\u00e3o, Dra. Meire Cardadeiro, para as demais provid\u00eancias.<\/p>\n<p>Participaram da a\u00e7\u00e3o policial em S\u00e3o Martinho, os Investigadores Saimon e Carol, o Inspetor Silveira, sob a coordena\u00e7\u00e3o do Delegado Regional Dr. Carlos Eduardo Santos Rodrigues e a supervis\u00e3o do Chefe do 4\u00ba Departamento de Pol\u00edcia Civil em Juiz de Fora, Dr. Carlos Roberto da Silveira Costa, que determinou \u00e0 Pol\u00edcia Civil de Leopoldina que durante o per\u00edodo do carnaval, estivesse presente ostensivamente nas quinze cidades sob a jurisdi\u00e7\u00e3o da 3\u00aa DRPC.<\/p>\n<hr \/>\n<p>&nbsp;Fonte: O Vigilante Online<\/p>\n","protected":false},"excerpt":{"rendered":"<p>A Pol\u00edcia Civil de Leopoldina prendeu nesta quarta-feira, 14, um homem na Vila de S\u00e3o Martinho, sob suspeita de recepta\u00e7\u00e3o de uma caminhonete VW\/Saveiro e furto de duas bicicletas. De acordo com as informa\u00e7\u00f5es obtidas pela reportagem, a caminhonete Saveiro de cor azul, que foi utilizada no s\u00e1bado, 3, para praticar o furto das bicicletas [&hellip;]<\/p>\n","protected":false},"author":96,"featured_media":91840,"comment_status":"closed","ping_status":"closed","sticky":false,"template":"","format":"standard","meta":{"footnotes":""},"categories":[252],"tags":[],"class_list":["post-91841","post","type-post","status-publish","format-standard","has-post-thumbnail","hentry","category-regiao"],"_links":{"self":[{"href":"https:\/\/diarioregionaldigital.com.br\/index.php?rest_route=\/wp\/v2\/posts\/91841","targetHints":{"allow":["GET"]}}],"collection":[{"href":"https:\/\/diarioregionaldigital.com.br\/index.php?rest_route=\/wp\/v2\/posts"}],"about":[{"href":"https:\/\/diarioregionaldigital.com.br\/index.php?rest_route=\/wp\/v2\/types\/post"}],"author":[{"embeddable":true,"href":"https:\/\/diarioregionaldigital.com.br\/index.php?rest_route=\/wp\/v2\/users\/96"}],"replies":[{"embeddable":true,"href":"https:\/\/diarioregionaldigital.com.br\/index.php?rest_route=%2Fwp%2Fv2%2Fcomments&post=91841"}],"version-history":[{"count":0,"href":"https:\/\/diarioregionaldigital.com.br\/index.php?rest_route=\/wp\/v2\/posts\/91841\/revisions"}],"wp:featuredmedia":[{"embeddable":true,"href":"https:\/\/diarioregionaldigital.com.br\/index.php?rest_route=\/wp\/v2\/media\/91840"}],"wp:attachment":[{"href":"https:\/\/diarioregionaldigital.com.br\/index.php?rest_route=%2Fwp%2Fv2%2Fmedia&parent=91841"}],"wp:term":[{"taxonomy":"category","embeddable":true,"href":"https:\/\/diarioregionaldigital.com.br\/index.php?rest_route=%2Fwp%2Fv2%2Fcategories&post=91841"},{"taxonomy":"post_tag","embeddable":true,"href":"https:\/\/diarioregionaldigital.com.br\/index.php?rest_route=%2Fwp%2Fv2%2Ftags&post=91841"}],"curies":[{"name":"wp","href":"https:\/\/api.w.org\/{rel}","templated":true}]}}