{"id":91839,"date":"2018-02-15T15:25:30","date_gmt":"2018-02-15T17:25:30","guid":{"rendered":"http:\/\/diarioregionaljf.com.br\/2018\/02\/15\/veiculo-roubado-e-encontrado-depenado-em-zona-rural-de-orizania\/"},"modified":"2018-02-15T15:25:30","modified_gmt":"2018-02-15T17:25:30","slug":"veiculo-roubado-e-encontrado-depenado-em-zona-rural-de-orizania","status":"publish","type":"post","link":"https:\/\/diarioregionaldigital.com.br\/?p=91839","title":{"rendered":"Ve\u00edculo roubado \u00e9 encontrado depenado em Zona Rural de Oriz\u00e2nia"},"content":{"rendered":"<p>Um autom\u00f3vel VW Gol foi furtado na cidade de Divino e encontrado pela Pol\u00edcia Militar (PM), \u201cdepenado\u201d, na zona rural do munic\u00edpio vizinho de Oriz\u00e2nia.<\/p>\n<p>De acordo com PM, o furto ocorreu durante a madrugada desta quarta-feira, 14, e o carro foi localizado horas depois, pela manh\u00e3. O ve\u00edculo teve todas as rodas, incluindo o step, retiradas, assim como outros componentes.<\/p>\n<p>A PM n\u00e3o conseguiu capturar nenhum suspeito.<\/p>\n<hr \/>\n<p>&nbsp;Fonte: R\u00e1dio Muria\u00e9<\/p>\n","protected":false},"excerpt":{"rendered":"<p>Um autom\u00f3vel VW Gol foi furtado na cidade de Divino e encontrado pela Pol\u00edcia Militar (PM), \u201cdepenado\u201d, na zona rural do munic\u00edpio vizinho de Oriz\u00e2nia. De acordo com PM, o furto ocorreu durante a madrugada desta quarta-feira, 14, e o carro foi localizado horas depois, pela manh\u00e3. O ve\u00edculo teve todas as rodas, incluindo o [&hellip;]<\/p>\n","protected":false},"author":96,"featured_media":91838,"comment_status":"closed","ping_status":"closed","sticky":false,"template":"","format":"standard","meta":{"footnotes":""},"categories":[252],"tags":[],"class_list":["post-91839","post","type-post","status-publish","format-standard","has-post-thumbnail","hentry","category-regiao"],"_links":{"self":[{"href":"https:\/\/diarioregionaldigital.com.br\/index.php?rest_route=\/wp\/v2\/posts\/91839","targetHints":{"allow":["GET"]}}],"collection":[{"href":"https:\/\/diarioregionaldigital.com.br\/index.php?rest_route=\/wp\/v2\/posts"}],"about":[{"href":"https:\/\/diarioregionaldigital.com.br\/index.php?rest_route=\/wp\/v2\/types\/post"}],"author":[{"embeddable":true,"href":"https:\/\/diarioregionaldigital.com.br\/index.php?rest_route=\/wp\/v2\/users\/96"}],"replies":[{"embeddable":true,"href":"https:\/\/diarioregionaldigital.com.br\/index.php?rest_route=%2Fwp%2Fv2%2Fcomments&post=91839"}],"version-history":[{"count":0,"href":"https:\/\/diarioregionaldigital.com.br\/index.php?rest_route=\/wp\/v2\/posts\/91839\/revisions"}],"wp:featuredmedia":[{"embeddable":true,"href":"https:\/\/diarioregionaldigital.com.br\/index.php?rest_route=\/wp\/v2\/media\/91838"}],"wp:attachment":[{"href":"https:\/\/diarioregionaldigital.com.br\/index.php?rest_route=%2Fwp%2Fv2%2Fmedia&parent=91839"}],"wp:term":[{"taxonomy":"category","embeddable":true,"href":"https:\/\/diarioregionaldigital.com.br\/index.php?rest_route=%2Fwp%2Fv2%2Fcategories&post=91839"},{"taxonomy":"post_tag","embeddable":true,"href":"https:\/\/diarioregionaldigital.com.br\/index.php?rest_route=%2Fwp%2Fv2%2Ftags&post=91839"}],"curies":[{"name":"wp","href":"https:\/\/api.w.org\/{rel}","templated":true}]}}