{"id":91837,"date":"2018-02-15T15:04:38","date_gmt":"2018-02-15T17:04:38","guid":{"rendered":"http:\/\/diarioregionaljf.com.br\/2018\/02\/15\/caminhao-carregado-de-sucata-bate-em-carro-e-deixa-feridos-na-br-267-em-bom-jardim-de-minas\/"},"modified":"2018-02-15T15:04:38","modified_gmt":"2018-02-15T17:04:38","slug":"caminhao-carregado-de-sucata-bate-em-carro-e-deixa-feridos-na-br-267-em-bom-jardim-de-minas","status":"publish","type":"post","link":"https:\/\/diarioregionaldigital.com.br\/?p=91837","title":{"rendered":"Caminh\u00e3o carregado de sucata bate em carro e deixa feridos pr\u00f3ximo a Bom Jardim de Minas"},"content":{"rendered":"<p>Duas pessoas ficaram feridas ap\u00f3s o carro onde estavam ser atingido por um caminh\u00e3o que transportava sucata, na BR-267, em Bom Jardim de Minas, no Sul de Minas Gerais.<\/p>\n<p>Conforme&nbsp; a Pol\u00edcia Rodovi\u00e1ria Federal (PRF) de Juiz de Fora, o acidente ocorreu no km 200,1 na tarde desta quarta-feira, 14. Segundo relato do caminhoneiro, ele perdeu o controle da dire\u00e7\u00e3o, tombou na pista, espalhou a carga de sucata, invadiu a contram\u00e3o e atingiu o carro que estava parado no acostamento.<\/p>\n<p>Dois ocupantes do carro, que n\u00e3o tiveram as identidades divulgadas, ficaram feridos e foram encaminhados pelo Servi\u00e7o de Atendimento M\u00f3vel de Urg\u00eancia (Samu) para o Hospital de Pronto Socorro, em Juiz de Fora. O&nbsp;motorista do caminh\u00e3o teve ferimentos leves e foi encaminhado pelo Samu para hospital em Lima Duarte onde foi medicado e liberado.<\/p>\n<p>O trecho ficou parcialmente interditado at\u00e9 a remo\u00e7\u00e3o dos ve\u00edculos envolvidos.&nbsp;<\/p>\n<hr \/>\n<p>&nbsp;Fonte: Colabora\u00e7\u00e3o Folha MG<\/p>\n","protected":false},"excerpt":{"rendered":"<p>Duas pessoas ficaram feridas ap\u00f3s o carro onde estavam ser atingido por um caminh\u00e3o que transportava sucata, na BR-267, em Bom Jardim de Minas, no Sul de Minas Gerais. Conforme&nbsp; a Pol\u00edcia Rodovi\u00e1ria Federal (PRF) de Juiz de Fora, o acidente ocorreu no km 200,1 na tarde desta quarta-feira, 14. Segundo relato do caminhoneiro, ele [&hellip;]<\/p>\n","protected":false},"author":96,"featured_media":91836,"comment_status":"closed","ping_status":"closed","sticky":false,"template":"","format":"standard","meta":{"footnotes":""},"categories":[252],"tags":[],"class_list":["post-91837","post","type-post","status-publish","format-standard","has-post-thumbnail","hentry","category-regiao"],"_links":{"self":[{"href":"https:\/\/diarioregionaldigital.com.br\/index.php?rest_route=\/wp\/v2\/posts\/91837","targetHints":{"allow":["GET"]}}],"collection":[{"href":"https:\/\/diarioregionaldigital.com.br\/index.php?rest_route=\/wp\/v2\/posts"}],"about":[{"href":"https:\/\/diarioregionaldigital.com.br\/index.php?rest_route=\/wp\/v2\/types\/post"}],"author":[{"embeddable":true,"href":"https:\/\/diarioregionaldigital.com.br\/index.php?rest_route=\/wp\/v2\/users\/96"}],"replies":[{"embeddable":true,"href":"https:\/\/diarioregionaldigital.com.br\/index.php?rest_route=%2Fwp%2Fv2%2Fcomments&post=91837"}],"version-history":[{"count":0,"href":"https:\/\/diarioregionaldigital.com.br\/index.php?rest_route=\/wp\/v2\/posts\/91837\/revisions"}],"wp:featuredmedia":[{"embeddable":true,"href":"https:\/\/diarioregionaldigital.com.br\/index.php?rest_route=\/wp\/v2\/media\/91836"}],"wp:attachment":[{"href":"https:\/\/diarioregionaldigital.com.br\/index.php?rest_route=%2Fwp%2Fv2%2Fmedia&parent=91837"}],"wp:term":[{"taxonomy":"category","embeddable":true,"href":"https:\/\/diarioregionaldigital.com.br\/index.php?rest_route=%2Fwp%2Fv2%2Fcategories&post=91837"},{"taxonomy":"post_tag","embeddable":true,"href":"https:\/\/diarioregionaldigital.com.br\/index.php?rest_route=%2Fwp%2Fv2%2Ftags&post=91837"}],"curies":[{"name":"wp","href":"https:\/\/api.w.org\/{rel}","templated":true}]}}