{"id":91833,"date":"2018-02-15T14:48:17","date_gmt":"2018-02-15T16:48:17","guid":{"rendered":"http:\/\/diarioregionaljf.com.br\/2018\/02\/15\/parcela-do-ipva-em-mg-comeca-a-vencer-nesta-semana\/"},"modified":"2018-02-15T14:48:17","modified_gmt":"2018-02-15T16:48:17","slug":"parcela-do-ipva-em-mg-comeca-a-vencer-nesta-semana","status":"publish","type":"post","link":"https:\/\/diarioregionaldigital.com.br\/?p=91833","title":{"rendered":"Segunda parcela do IPVA 2018 em MG come\u00e7a a vencer nesta semana"},"content":{"rendered":"<p>A segunda parcela do IPVA 2018 em Minas Gerais come\u00e7a a vencer nesta quinta-feira, 15, para os ve\u00edculos com finais de placa 1 e 2. O vencimento se estende at\u00e9 o dia 21 de fevereiro de acordo com o \u00faltimo algarismo da placa do ve\u00edculo.<\/p>\n<p>O imposto pode ser pago diretamente nos terminais de autoatendimento ou guich\u00eas dos agentes arrecadadores autorizados (Bradesco, Mercantil do Brasil, Caixa Econ\u00f4mica Federal, Casas Lot\u00e9ricas, Mais BB, Banco Postal, Santander e Sicoob), bastando informar o n\u00famero do Renavam do ve\u00edculo.<\/p>\n<p>O contribuinte tamb\u00e9m tem a op\u00e7\u00e3o de emitir a guia de arrecada\u00e7\u00e3o do IPVA 2018, no site da Secretaria de Estado de Fazenda, nas Reparti\u00e7\u00f5es Fazend\u00e1rias ou nas Unidades de Atendimento Integrado (UAI).&nbsp;Todas as informa\u00e7\u00f5es sobre o IPVA 2018 podem ser acessadas via <a href=\"http:\/\/www.fazenda.mg.gov\">internet<\/a>.<\/p>\n<h4>Multa e juros<\/h4>\n<p>O n\u00e3o pagamento do IPVA nos prazos estabelecidos gera multa de 0,3% ao dia (at\u00e9 o 30\u00ba dia), e de 20% ap\u00f3s o 30\u00ba dia. Os juros s\u00e3o calculados sobre o valor do imposto ou das parcelas, acrescido da multa, pela taxa referencial do Sistema Especial de Liquida\u00e7\u00e3o e Custodia (Selic).<\/p>\n<h4>Destina\u00e7\u00e3o<\/h4>\n<p>Do valor arrecadado com o IPVA, 40% v\u00e3o para o caixa \u00fanico do Estado, 40% s\u00e3o repassados aos munic\u00edpios de licenciamento dos ve\u00edculos e 20% s\u00e3o destinados para o Fundo de Manuten\u00e7\u00e3o e Desenvolvimento da Educa\u00e7\u00e3o B\u00e1sica e de Valoriza\u00e7\u00e3o dos Profissionais de Educa\u00e7\u00e3o (Fundeb).<\/p>\n<h4>Taxa de Licenciamento<\/h4>\n<p>A Taxa de Renova\u00e7\u00e3o do Licenciamento Anual de Ve\u00edculo (TRLAV), no valor de R$ 92,66, vence no dia 2 de abril.<\/p>\n<h4>Desconto extra no IPVA<\/h4>\n<p>O contribuinte que pagou em dia todos os d\u00e9bitos relativos ao ve\u00edculo em 2017 e pagar sem atrasos os tributos de 2018 ter\u00e1 um desconto extra no IPVA, que ser\u00e1 concedido a partir de 2019. O benef\u00edcio ser\u00e1 autom\u00e1tico, de 3% sobre o valor do imposto. Quem se mantiver adimplente, tamb\u00e9m ter\u00e1 direito a esse benef\u00edcio nos anos seguintes.<\/p>\n<p>Assim, quem fizer jus ao benef\u00edcio do &#8220;bom pagador&#8221; j\u00e1 ter\u00e1 seu imposto lan\u00e7ado, automaticamente, com a redu\u00e7\u00e3o de 3% e, caso pague o tributo \u00e0 vista, ter\u00e1 mais 3% de desconto, acumulando os dois benef\u00edcios.<\/p>\n<p>Como a regra vale sempre para quem se mant\u00e9m adimplente por dois exerc\u00edcios consecutivos, o contribuinte que, porventura, n\u00e3o se enquadre nos crit\u00e9rios levando em conta os anos de 2017 e\/ou 2018, poder\u00e1 fazer jus ao benef\u00edcio nos pr\u00f3ximos anos, desde que passe a fazer os pagamentos dos tributos relativos aos ve\u00edculos rigorosamente em dia.<\/p>\n<hr \/>\n<p style=\"text-align: center;\"><strong>CRONOGRAMA<\/strong><\/p>\n<p><img loading=\"lazy\" decoding=\"async\" class=\" size-full wp-image-91832\" src=\"http:\/\/diarioregionaljf.com.br\/wp-content\/uploads\/2018\/02\/diario-int-24135-1.jpg\" alt=\"detrancronograma.jpg\" style=\"display: block; margin-left: auto; margin-right: auto;\" width=\"600\" height=\"450\" srcset=\"https:\/\/diarioregionaldigital.com.br\/wp-content\/uploads\/2018\/02\/diario-int-24135-1.jpg 600w, https:\/\/diarioregionaldigital.com.br\/wp-content\/uploads\/2018\/02\/diario-int-24135-1-300x225.jpg 300w, https:\/\/diarioregionaldigital.com.br\/wp-content\/uploads\/2018\/02\/diario-int-24135-1-360x270.jpg 360w\" sizes=\"auto, (max-width: 600px) 100vw, 600px\" \/><\/p>\n","protected":false},"excerpt":{"rendered":"<p>A segunda parcela do IPVA 2018 em Minas Gerais come\u00e7a a vencer nesta quinta-feira, 15, para os ve\u00edculos com finais de placa 1 e 2. O vencimento se estende at\u00e9 o dia 21 de fevereiro de acordo com o \u00faltimo algarismo da placa do ve\u00edculo. O imposto pode ser pago diretamente nos terminais de autoatendimento [&hellip;]<\/p>\n","protected":false},"author":96,"featured_media":91831,"comment_status":"closed","ping_status":"closed","sticky":false,"template":"","format":"standard","meta":{"footnotes":""},"categories":[252],"tags":[],"class_list":["post-91833","post","type-post","status-publish","format-standard","has-post-thumbnail","hentry","category-regiao"],"_links":{"self":[{"href":"https:\/\/diarioregionaldigital.com.br\/index.php?rest_route=\/wp\/v2\/posts\/91833","targetHints":{"allow":["GET"]}}],"collection":[{"href":"https:\/\/diarioregionaldigital.com.br\/index.php?rest_route=\/wp\/v2\/posts"}],"about":[{"href":"https:\/\/diarioregionaldigital.com.br\/index.php?rest_route=\/wp\/v2\/types\/post"}],"author":[{"embeddable":true,"href":"https:\/\/diarioregionaldigital.com.br\/index.php?rest_route=\/wp\/v2\/users\/96"}],"replies":[{"embeddable":true,"href":"https:\/\/diarioregionaldigital.com.br\/index.php?rest_route=%2Fwp%2Fv2%2Fcomments&post=91833"}],"version-history":[{"count":0,"href":"https:\/\/diarioregionaldigital.com.br\/index.php?rest_route=\/wp\/v2\/posts\/91833\/revisions"}],"wp:featuredmedia":[{"embeddable":true,"href":"https:\/\/diarioregionaldigital.com.br\/index.php?rest_route=\/wp\/v2\/media\/91831"}],"wp:attachment":[{"href":"https:\/\/diarioregionaldigital.com.br\/index.php?rest_route=%2Fwp%2Fv2%2Fmedia&parent=91833"}],"wp:term":[{"taxonomy":"category","embeddable":true,"href":"https:\/\/diarioregionaldigital.com.br\/index.php?rest_route=%2Fwp%2Fv2%2Fcategories&post=91833"},{"taxonomy":"post_tag","embeddable":true,"href":"https:\/\/diarioregionaldigital.com.br\/index.php?rest_route=%2Fwp%2Fv2%2Ftags&post=91833"}],"curies":[{"name":"wp","href":"https:\/\/api.w.org\/{rel}","templated":true}]}}