{"id":91830,"date":"2018-02-15T14:40:36","date_gmt":"2018-02-15T16:40:36","guid":{"rendered":"http:\/\/diarioregionaljf.com.br\/2018\/02\/15\/sexto-paciente-morre-com-suspeita-de-febre-amarela-em-barbacena\/"},"modified":"2018-02-15T14:40:36","modified_gmt":"2018-02-15T16:40:36","slug":"sexto-paciente-morre-com-suspeita-de-febre-amarela-em-barbacena","status":"publish","type":"post","link":"https:\/\/diarioregionaldigital.com.br\/?p=91830","title":{"rendered":"Sexto paciente morre com suspeita de febre amarela em Barbacena"},"content":{"rendered":"<p>Um homem de 44 anos, residente no munic\u00edpio de Paiva, internado no Hospital Regional de Barbacena no \u00faltimo s\u00e1bado, 10, com suspeita de febre amarela, faleceu na noite desta quarta-feira, 14, \u00e0s 20h, por fal\u00eancia m\u00faltipla dos \u00f3rg\u00e3os e febre hemorr\u00e1gica.<\/p>\n<p>Material colhido ser\u00e1 devidamente enviado para a FUNED, conforme normas t\u00e9cnicas estabelecidas pelo Minist\u00e9rio da Sa\u00fade e Secretaria de Estado da Sa\u00fade.&nbsp;O diagn\u00f3stico definitivo ser\u00e1 feito ap\u00f3s os exames laboratoriais na FUNED.<\/p>\n<p>Este foi o sexto caso de morte supostamente por febre amarela de pessoas internadas em Barbacena.<\/p>\n<p>A Prefeitura Municipal de Barbacena comunicou o fato e lamenta o ocorrido, solidarizando com os familiares.<\/p>\n<hr \/>\n<p>&nbsp;Fonte: Assessoria<\/p>\n","protected":false},"excerpt":{"rendered":"<p>Um homem de 44 anos, residente no munic\u00edpio de Paiva, internado no Hospital Regional de Barbacena no \u00faltimo s\u00e1bado, 10, com suspeita de febre amarela, faleceu na noite desta quarta-feira, 14, \u00e0s 20h, por fal\u00eancia m\u00faltipla dos \u00f3rg\u00e3os e febre hemorr\u00e1gica. Material colhido ser\u00e1 devidamente enviado para a FUNED, conforme normas t\u00e9cnicas estabelecidas pelo Minist\u00e9rio [&hellip;]<\/p>\n","protected":false},"author":96,"featured_media":91829,"comment_status":"closed","ping_status":"closed","sticky":false,"template":"","format":"standard","meta":{"footnotes":""},"categories":[252],"tags":[],"class_list":["post-91830","post","type-post","status-publish","format-standard","has-post-thumbnail","hentry","category-regiao"],"_links":{"self":[{"href":"https:\/\/diarioregionaldigital.com.br\/index.php?rest_route=\/wp\/v2\/posts\/91830","targetHints":{"allow":["GET"]}}],"collection":[{"href":"https:\/\/diarioregionaldigital.com.br\/index.php?rest_route=\/wp\/v2\/posts"}],"about":[{"href":"https:\/\/diarioregionaldigital.com.br\/index.php?rest_route=\/wp\/v2\/types\/post"}],"author":[{"embeddable":true,"href":"https:\/\/diarioregionaldigital.com.br\/index.php?rest_route=\/wp\/v2\/users\/96"}],"replies":[{"embeddable":true,"href":"https:\/\/diarioregionaldigital.com.br\/index.php?rest_route=%2Fwp%2Fv2%2Fcomments&post=91830"}],"version-history":[{"count":0,"href":"https:\/\/diarioregionaldigital.com.br\/index.php?rest_route=\/wp\/v2\/posts\/91830\/revisions"}],"wp:featuredmedia":[{"embeddable":true,"href":"https:\/\/diarioregionaldigital.com.br\/index.php?rest_route=\/wp\/v2\/media\/91829"}],"wp:attachment":[{"href":"https:\/\/diarioregionaldigital.com.br\/index.php?rest_route=%2Fwp%2Fv2%2Fmedia&parent=91830"}],"wp:term":[{"taxonomy":"category","embeddable":true,"href":"https:\/\/diarioregionaldigital.com.br\/index.php?rest_route=%2Fwp%2Fv2%2Fcategories&post=91830"},{"taxonomy":"post_tag","embeddable":true,"href":"https:\/\/diarioregionaldigital.com.br\/index.php?rest_route=%2Fwp%2Fv2%2Ftags&post=91830"}],"curies":[{"name":"wp","href":"https:\/\/api.w.org\/{rel}","templated":true}]}}