{"id":91826,"date":"2018-02-15T14:24:27","date_gmt":"2018-02-15T16:24:27","guid":{"rendered":"http:\/\/diarioregionaljf.com.br\/2018\/02\/15\/setor-portuario-cresceu-8-3-em-2017\/"},"modified":"2018-02-15T14:24:27","modified_gmt":"2018-02-15T16:24:27","slug":"setor-portuario-cresceu-8-3-em-2017","status":"publish","type":"post","link":"https:\/\/diarioregionaldigital.com.br\/?p=91826","title":{"rendered":"Setor portu\u00e1rio cresceu 8,3% em 2017"},"content":{"rendered":"<p>O setor portu\u00e1rio brasileiro registrou um aumento de 8,3% na compara\u00e7\u00e3o de 2017 com 2016, e movimentou 1,086 bilh\u00e3o de toneladas. Compreendido por portos p\u00fablicos e terminais de uso privado, esse setor havia registrado, em 2016, uma movimenta\u00e7\u00e3o de 1,002 bilh\u00e3o de toneladas. Os n\u00fameros foram divulgados hoje, 15, pela Ag\u00eancia Nacional de Transportes Aquavi\u00e1rios (Antaq).<\/p>\n<p>A movimenta\u00e7\u00e3o de cont\u00eaineres aumentou tanto em toneladas quanto em unidades TEUs (sigla em ingl\u00eas para Twenty-feet Equivalent Unity, unidade que equivale a um cont\u00eainer de 20 p\u00e9s). Foram movimentados 106,2 milh\u00f5es de toneladas (valor 6,1% superior ao registrado em 2016), transportadas em 9,3 milh\u00f5es de TEUs (aumento de 5,7%).<\/p>\n<p>A carga que apresentou maior incremento (10,3%) foi a de granel s\u00f3lido, movimentando um total de 695,4 milh\u00f5es de toneladas no ano passado. Milho e soja apresentaram crescimento de 71,8% e de 31,5%, respectivamente, na compara\u00e7\u00e3o 2017\/2016. J\u00e1 a movimenta\u00e7\u00e3o de granel l\u00edquido registrou movimenta\u00e7\u00e3o de 230,2 milh\u00f5es de toneladas em 2017 \u2013 um crescimento de 3,8%, na compara\u00e7\u00e3o com o ano anterior. A movimenta\u00e7\u00e3o da carga geral solta cresceu 7,6%, atingindo um total de 54,2 milh\u00f5es de toneladas. De acordo com o levantamento, a importa\u00e7\u00e3o de derivados de petr\u00f3leo aumentou em 32%, enquanto a exporta\u00e7\u00e3o de petr\u00f3leo bruto aumentou 19%.<\/p>\n<p>Os terminais de uso privado movimentaram 721,6 milh\u00f5es de toneladas em 2017. Em 2016, a movimenta\u00e7\u00e3o tinha sido de 660 milh\u00f5es de toneladas, o que representa um crescimento de 9,3%. J\u00e1 os portos p\u00fablicos apresentaram crescimento de 6,3%, registrando uma movimenta\u00e7\u00e3o de 364,5 milh\u00f5es de toneladas.<\/p>\n<p>A movimenta\u00e7\u00e3o de cargas aumentou 22,7% nos portos p\u00fablicos e 32,9% nos terminais de uso privado de 2010 a 2017. O total de crescimento da movimenta\u00e7\u00e3o de cargas ficou em 29,3%.<\/p>\n<p>Em termos de tipo de navega\u00e7\u00e3o, as de longo curso apresentaram um aumento de 8%, ficando respons\u00e1veis pela movimenta\u00e7\u00e3o de 803,3 milh\u00f5es de toneladas. A navega\u00e7\u00e3o de cabotagem (entre portos mar\u00edtimos de um mesmo pa\u00eds, sem perder a costa de vista) transportou 221,8 milh\u00f5es de toneladas, pesagem 3,8% maior do que a registrada em 2016; e a navega\u00e7\u00e3o interior (ao longo de canais, rios , lagoas, enseadas, ba\u00edas e angras) apresentou crescimento de 37,8% (57,3 milh\u00f5es de toneladas).<\/p>\n<hr \/>\n<p>&nbsp;Fonte: Ag\u00eancia Brasil<\/p>\n","protected":false},"excerpt":{"rendered":"<p>O setor portu\u00e1rio brasileiro registrou um aumento de 8,3% na compara\u00e7\u00e3o de 2017 com 2016, e movimentou 1,086 bilh\u00e3o de toneladas. Compreendido por portos p\u00fablicos e terminais de uso privado, esse setor havia registrado, em 2016, uma movimenta\u00e7\u00e3o de 1,002 bilh\u00e3o de toneladas. Os n\u00fameros foram divulgados hoje, 15, pela Ag\u00eancia Nacional de Transportes Aquavi\u00e1rios [&hellip;]<\/p>\n","protected":false},"author":96,"featured_media":91825,"comment_status":"closed","ping_status":"closed","sticky":false,"template":"","format":"standard","meta":{"footnotes":""},"categories":[261],"tags":[],"class_list":["post-91826","post","type-post","status-publish","format-standard","has-post-thumbnail","hentry","category-economia"],"_links":{"self":[{"href":"https:\/\/diarioregionaldigital.com.br\/index.php?rest_route=\/wp\/v2\/posts\/91826","targetHints":{"allow":["GET"]}}],"collection":[{"href":"https:\/\/diarioregionaldigital.com.br\/index.php?rest_route=\/wp\/v2\/posts"}],"about":[{"href":"https:\/\/diarioregionaldigital.com.br\/index.php?rest_route=\/wp\/v2\/types\/post"}],"author":[{"embeddable":true,"href":"https:\/\/diarioregionaldigital.com.br\/index.php?rest_route=\/wp\/v2\/users\/96"}],"replies":[{"embeddable":true,"href":"https:\/\/diarioregionaldigital.com.br\/index.php?rest_route=%2Fwp%2Fv2%2Fcomments&post=91826"}],"version-history":[{"count":0,"href":"https:\/\/diarioregionaldigital.com.br\/index.php?rest_route=\/wp\/v2\/posts\/91826\/revisions"}],"wp:featuredmedia":[{"embeddable":true,"href":"https:\/\/diarioregionaldigital.com.br\/index.php?rest_route=\/wp\/v2\/media\/91825"}],"wp:attachment":[{"href":"https:\/\/diarioregionaldigital.com.br\/index.php?rest_route=%2Fwp%2Fv2%2Fmedia&parent=91826"}],"wp:term":[{"taxonomy":"category","embeddable":true,"href":"https:\/\/diarioregionaldigital.com.br\/index.php?rest_route=%2Fwp%2Fv2%2Fcategories&post=91826"},{"taxonomy":"post_tag","embeddable":true,"href":"https:\/\/diarioregionaldigital.com.br\/index.php?rest_route=%2Fwp%2Fv2%2Ftags&post=91826"}],"curies":[{"name":"wp","href":"https:\/\/api.w.org\/{rel}","templated":true}]}}